{"id":45192,"date":"2023-12-28T12:37:00","date_gmt":"2023-12-28T15:37:00","guid":{"rendered":"https:\/\/www.radiopresidenteibanez.cl\/web\/?p=45192"},"modified":"2023-12-28T11:13:55","modified_gmt":"2023-12-28T14:13:55","slug":"umag-realizara-primera-feria-de-postulacion-para-el-proceso-de-admision-2024","status":"publish","type":"post","link":"https:\/\/www.radiopresidenteibanez.cl\/web\/umag-realizara-primera-feria-de-postulacion-para-el-proceso-de-admision-2024\/","title":{"rendered":"UMAG REALIZARA PRIMERA FERIA DE POSTULACION PARA EL PROCESO DE ADMISION 2024"},"content":{"rendered":"\n<p>A partir de este martes 2 de enero, en el patio cubierto de las facultades de Ingenier\u00eda y de Ciencias de la Universidad de Magallanes (UMAG), ubicado en la casa central (Avenida Manuel Bulnes 01855), se realizar\u00e1 la primera<strong>&nbsp;Feria de Postulaci\u00f3n<\/strong>&nbsp;<strong>para el proceso de Admisi\u00f3n 2024,<\/strong>&nbsp;una iniciativa organizada por la Direcci\u00f3n de Promoci\u00f3n Universitaria pensada en brindar acompa\u00f1amiento y orientaci\u00f3n presencial a las y los j\u00f3venes y sus familias de cara al ingreso a la educaci\u00f3n superior.&nbsp;<\/p>\n\n\n\n<p>Este espacio de atenci\u00f3n a postulantes ofrecer\u00e1 diversos servicios como: orientaci\u00f3n vocacional, exhibici\u00f3n de carreras profesionales y t\u00e9cnicas, informaci\u00f3n sobre becas, beneficios y programas de acompa\u00f1amiento, a lo que se suma una secci\u00f3n especial para que los mismos visitantes de la feria puedan realizar su postulaci\u00f3n a la oferta acad\u00e9mica 2024 de la Universidad de Magallanes.<\/p>\n\n\n\n<p>La directora de Promoci\u00f3n Universitaria,&nbsp;<strong>Andrea Mansilla Barr\u00eda,<\/strong>&nbsp;junto con hacer una invitaci\u00f3n a las y los postulantes a visitar la feria, destac\u00f3 la labor de la casa de estudios de \u201ccumplir con otorgar un espacio de orientaci\u00f3n y apoyo, a pesar de que las postulaciones se realicen de forma online\u201d. A su juicio, \u201ccontar con un espacio de presencialidad es muy importante para las familias porque tenemos que pensar que es un hito que se marca en la vida de los j\u00f3venes\u201d.<\/p>\n\n\n\n<p>La feria, donde podr\u00e1n acercarse todos los interesados en conocer m\u00e1s sobre la universidad, sus carreras y formas de financiamiento, funcionar\u00e1 hasta el d\u00eda viernes 5 de enero. Los horarios que contempla son de 9.00 a 13.00 en la ma\u00f1ana, y de 15.00 a 18.00 en la tarde, excepto el d\u00eda viernes que ser\u00e1 de 9.00 a 13.00 horas.<\/p>\n","protected":false},"excerpt":{"rendered":"<p>A partir de este martes 2 de enero, en el patio cubierto de las facultades de Ingenier\u00eda y de Ciencias de la Universidad de Magallanes (UMAG), ubicado en la casa&#8230; <a class=\"read-more\" href=\"https:\/\/www.radiopresidenteibanez.cl\/web\/umag-realizara-primera-feria-de-postulacion-para-el-proceso-de-admision-2024\/\">Leer m\u00e1s<\/a><\/p>\n","protected":false},"author":2,"featured_media":45193,"comment_status":"closed","ping_status":"closed","sticky":false,"template":"","format":"standard","meta":{"footnotes":""},"categories":[1],"tags":[],"class_list":["post-45192","post","type-post","status-publish","format-standard","has-post-thumbnail","hentry","category-cronica"],"_links":{"self":[{"href":"https:\/\/www.radiopresidenteibanez.cl\/web\/wp-json\/wp\/v2\/posts\/45192","targetHints":{"allow":["GET"]}}],"collection":[{"href":"https:\/\/www.radiopresidenteibanez.cl\/web\/wp-json\/wp\/v2\/posts"}],"about":[{"href":"https:\/\/www.radiopresidenteibanez.cl\/web\/wp-json\/wp\/v2\/types\/post"}],"author":[{"embeddable":true,"href":"https:\/\/www.radiopresidenteibanez.cl\/web\/wp-json\/wp\/v2\/users\/2"}],"replies":[{"embeddable":true,"href":"https:\/\/www.radiopresidenteibanez.cl\/web\/wp-json\/wp\/v2\/comments?post=45192"}],"version-history":[{"count":0,"href":"https:\/\/www.radiopresidenteibanez.cl\/web\/wp-json\/wp\/v2\/posts\/45192\/revisions"}],"wp:featuredmedia":[{"embeddable":true,"href":"https:\/\/www.radiopresidenteibanez.cl\/web\/wp-json\/wp\/v2\/media\/45193"}],"wp:attachment":[{"href":"https:\/\/www.radiopresidenteibanez.cl\/web\/wp-json\/wp\/v2\/media?parent=45192"}],"wp:term":[{"taxonomy":"category","embeddable":true,"href":"https:\/\/www.radiopresidenteibanez.cl\/web\/wp-json\/wp\/v2\/categories?post=45192"},{"taxonomy":"post_tag","embeddable":true,"href":"https:\/\/www.radiopresidenteibanez.cl\/web\/wp-json\/wp\/v2\/tags?post=45192"}],"curies":[{"name":"wp","href":"https:\/\/api.w.org\/{rel}","templated":true}]}}