{"id":4519,"date":"2019-05-24T15:26:28","date_gmt":"2019-05-24T15:26:28","guid":{"rendered":"http:\/\/www.radiopresidenteibanez.cl\/web\/?p=4519"},"modified":"2019-05-24T15:26:40","modified_gmt":"2019-05-24T15:26:40","slug":"sky-informa-plan-de-apoyo-a-pasajeros-por-paro-general-que-afectara-a-argentina","status":"publish","type":"post","link":"https:\/\/www.radiopresidenteibanez.cl\/web\/sky-informa-plan-de-apoyo-a-pasajeros-por-paro-general-que-afectara-a-argentina\/","title":{"rendered":"SKY INFORMA PLAN DE APOYO A PASAJEROS POR PARO GENERAL QUE AFECTAR\u00c1 A ARGENTINA"},"content":{"rendered":"\n<p>Producto del paro general\nconvocado en Argentina para el pr\u00f3ximo mi\u00e9rcoles 29 de mayo, SKY activ\u00f3 un plan\nde apoyo para los pasajeros que podr\u00edan verse afectados.<\/p>\n\n\n\n<p>La medida contempla la posibilidad\nde modificar de fecha los vuelos, cambiar de destino o el reembolso del 100%\ndel pasaje. <\/p>\n\n\n\n<p>Para el caso del cambio de\nfecha de vuelo, todos los pasajeros que tengan vuelos para 29 de mayo 2019\npodr\u00e1n realizar cambios de fecha sin penalidad ni diferencia tarifaria, desde\nhoy y hasta 30 d\u00edas despu\u00e9s de su fecha original.&nbsp;&nbsp; <\/p>\n\n\n\n<p>Por otra parte, a los\npasajeros que prefieran cambiar el destino o ruta, podr\u00e1n hacerlo sin\npenalidad, pero sujeto a las diferencias de tarifa aplicable. <\/p>\n\n\n\n<p>La otra opci\u00f3n que ofrece la\naerol\u00ednea es la devoluci\u00f3n del 100% del pasaje. <\/p>\n\n\n\n<p>Para todos los casos, la\naerol\u00ednea le sugiere a los pasajeros que hayan adquirido tickets para ese d\u00eda,\nreprogramar sus vuelos con anterioridad a trav\u00e9s del contact center de Chile\n(tel 600 600 2828); el de Argentina (+54-11 5237 1433); o bien escribiendo a\nreprogramaciones@skyairline.com.<\/p>\n\n\n\n<p>Asimismo, la compa\u00f1\u00eda recalc\u00f3 que lamenta los inconvenientes que esta situaci\u00f3n, ajena a su voluntad, pudiera ocasionar y reafirma el compromiso con sus pasajeros de informar oportunamente.<\/p>\n\n\n\n<figure class=\"wp-block-image\"><img loading=\"lazy\" decoding=\"async\" width=\"800\" height=\"500\" src=\"https:\/\/www.radiopresidenteibanez.cl\/web\/wp-content\/uploads\/2019\/05\/Sky-Airline-Chile-santiaog-times-chile.jpg\" alt=\"\" class=\"wp-image-4520\" srcset=\"https:\/\/www.radiopresidenteibanez.cl\/web\/wp-content\/uploads\/2019\/05\/Sky-Airline-Chile-santiaog-times-chile.jpg 800w, https:\/\/www.radiopresidenteibanez.cl\/web\/wp-content\/uploads\/2019\/05\/Sky-Airline-Chile-santiaog-times-chile-300x188.jpg 300w, https:\/\/www.radiopresidenteibanez.cl\/web\/wp-content\/uploads\/2019\/05\/Sky-Airline-Chile-santiaog-times-chile-768x480.jpg 768w\" sizes=\"auto, (max-width: 800px) 100vw, 800px\" \/><\/figure>\n","protected":false},"excerpt":{"rendered":"<p>Producto del paro general convocado en Argentina para el pr\u00f3ximo mi\u00e9rcoles 29 de mayo, SKY activ\u00f3 un plan de apoyo para los pasajeros que podr\u00edan verse afectados. La medida contempla&#8230; <a class=\"read-more\" href=\"https:\/\/www.radiopresidenteibanez.cl\/web\/sky-informa-plan-de-apoyo-a-pasajeros-por-paro-general-que-afectara-a-argentina\/\">Leer m\u00e1s<\/a><\/p>\n","protected":false},"author":2,"featured_media":4520,"comment_status":"closed","ping_status":"closed","sticky":false,"template":"","format":"standard","meta":{"footnotes":""},"categories":[1],"tags":[],"class_list":["post-4519","post","type-post","status-publish","format-standard","has-post-thumbnail","hentry","category-cronica"],"_links":{"self":[{"href":"https:\/\/www.radiopresidenteibanez.cl\/web\/wp-json\/wp\/v2\/posts\/4519","targetHints":{"allow":["GET"]}}],"collection":[{"href":"https:\/\/www.radiopresidenteibanez.cl\/web\/wp-json\/wp\/v2\/posts"}],"about":[{"href":"https:\/\/www.radiopresidenteibanez.cl\/web\/wp-json\/wp\/v2\/types\/post"}],"author":[{"embeddable":true,"href":"https:\/\/www.radiopresidenteibanez.cl\/web\/wp-json\/wp\/v2\/users\/2"}],"replies":[{"embeddable":true,"href":"https:\/\/www.radiopresidenteibanez.cl\/web\/wp-json\/wp\/v2\/comments?post=4519"}],"version-history":[{"count":0,"href":"https:\/\/www.radiopresidenteibanez.cl\/web\/wp-json\/wp\/v2\/posts\/4519\/revisions"}],"wp:featuredmedia":[{"embeddable":true,"href":"https:\/\/www.radiopresidenteibanez.cl\/web\/wp-json\/wp\/v2\/media\/4520"}],"wp:attachment":[{"href":"https:\/\/www.radiopresidenteibanez.cl\/web\/wp-json\/wp\/v2\/media?parent=4519"}],"wp:term":[{"taxonomy":"category","embeddable":true,"href":"https:\/\/www.radiopresidenteibanez.cl\/web\/wp-json\/wp\/v2\/categories?post=4519"},{"taxonomy":"post_tag","embeddable":true,"href":"https:\/\/www.radiopresidenteibanez.cl\/web\/wp-json\/wp\/v2\/tags?post=4519"}],"curies":[{"name":"wp","href":"https:\/\/api.w.org\/{rel}","templated":true}]}}