{"id":45183,"date":"2023-12-28T09:27:00","date_gmt":"2023-12-28T12:27:00","guid":{"rendered":"https:\/\/www.radiopresidenteibanez.cl\/web\/?p=45183"},"modified":"2023-12-28T08:34:43","modified_gmt":"2023-12-28T11:34:43","slug":"diputada-javiera-morales-reviso-preparativos-para-el-traspaso-del-sistema-escolar-slep","status":"publish","type":"post","link":"https:\/\/www.radiopresidenteibanez.cl\/web\/diputada-javiera-morales-reviso-preparativos-para-el-traspaso-del-sistema-escolar-slep\/","title":{"rendered":"DIPUTADA JAVIERA MORALES REVISO PREPARATIVOS PARA EL TRASPASO DEL SISTEMA ESCOLAR SLEP"},"content":{"rendered":"\n<p>Conocer c\u00f3mo se llevan las gestiones para el inminente traspaso de los establecimientos p\u00fablicos desde los municipios al Sistema Local de Educaci\u00f3n de Magallanes fue el objetivo de una visita que hizo la diputada Javiera Morales al director de este organismo y a su equipo de trabajo.&nbsp;<\/p>\n\n\n\n<p>La parlamentaria recibi\u00f3 todos los antecedentes que pidi\u00f3 del director del SLEP Magallanes, Mario Garc\u00eda, y de los subdirectores y subdirectoras a cargo de implementar desde distintas \u00e1reas, tanto administrativas como t\u00e9cnico pedag\u00f3gicas, la nueva administraci\u00f3n del sistema escolar a partir del 1 de enero.&nbsp;<\/p>\n\n\n\n<p>\u201cHe tenido una reuni\u00f3n para chequear que est\u00e9n todas las condiciones para un buen traspaso y que en enero los asistentes de la educaci\u00f3n y los docentes reciban como corresponde sus remuneraciones\u201d, indic\u00f3 la diputada.&nbsp;<\/p>\n\n\n\n<p>Asimismo, plante\u00f3 que en su rol fiscalizador estar\u00e1 atenta a que el SLEP funcione de buena manera y expres\u00f3 su deseo de que el 2024 no haya complicaciones para el desarrollo del proceso educativo.&nbsp;<\/p>\n\n\n\n<p>Por su parte, el director del SLEP Magallanes manifest\u00f3 su agradecimiento por la visita de la diputada y destac\u00f3 su inter\u00e9s por conocer a los funcionarios del organismo y los procesos que llevan a cabo para un traspaso exitoso del sistema escolar.&nbsp;<\/p>\n\n\n\n<p>A contar del 1 de enero de 2024, pasar\u00e1n a depender del Servicio Local de Educaci\u00f3n de Magallanes 53 escuelas y liceos, adem\u00e1s de 10 Salas Cuna VTF, distribuidos en las cuatro provincias de la regi\u00f3n, dando t\u00e9rmino a la administraci\u00f3n municipal del sistema educativo p\u00fablico.<\/p>\n","protected":false},"excerpt":{"rendered":"<p>Conocer c\u00f3mo se llevan las gestiones para el inminente traspaso de los establecimientos p\u00fablicos desde los municipios al Sistema Local de Educaci\u00f3n de Magallanes fue el objetivo de una visita&#8230; <a class=\"read-more\" href=\"https:\/\/www.radiopresidenteibanez.cl\/web\/diputada-javiera-morales-reviso-preparativos-para-el-traspaso-del-sistema-escolar-slep\/\">Leer m\u00e1s<\/a><\/p>\n","protected":false},"author":2,"featured_media":45184,"comment_status":"closed","ping_status":"closed","sticky":false,"template":"","format":"standard","meta":{"footnotes":""},"categories":[1],"tags":[],"class_list":["post-45183","post","type-post","status-publish","format-standard","has-post-thumbnail","hentry","category-cronica"],"_links":{"self":[{"href":"https:\/\/www.radiopresidenteibanez.cl\/web\/wp-json\/wp\/v2\/posts\/45183","targetHints":{"allow":["GET"]}}],"collection":[{"href":"https:\/\/www.radiopresidenteibanez.cl\/web\/wp-json\/wp\/v2\/posts"}],"about":[{"href":"https:\/\/www.radiopresidenteibanez.cl\/web\/wp-json\/wp\/v2\/types\/post"}],"author":[{"embeddable":true,"href":"https:\/\/www.radiopresidenteibanez.cl\/web\/wp-json\/wp\/v2\/users\/2"}],"replies":[{"embeddable":true,"href":"https:\/\/www.radiopresidenteibanez.cl\/web\/wp-json\/wp\/v2\/comments?post=45183"}],"version-history":[{"count":0,"href":"https:\/\/www.radiopresidenteibanez.cl\/web\/wp-json\/wp\/v2\/posts\/45183\/revisions"}],"wp:featuredmedia":[{"embeddable":true,"href":"https:\/\/www.radiopresidenteibanez.cl\/web\/wp-json\/wp\/v2\/media\/45184"}],"wp:attachment":[{"href":"https:\/\/www.radiopresidenteibanez.cl\/web\/wp-json\/wp\/v2\/media?parent=45183"}],"wp:term":[{"taxonomy":"category","embeddable":true,"href":"https:\/\/www.radiopresidenteibanez.cl\/web\/wp-json\/wp\/v2\/categories?post=45183"},{"taxonomy":"post_tag","embeddable":true,"href":"https:\/\/www.radiopresidenteibanez.cl\/web\/wp-json\/wp\/v2\/tags?post=45183"}],"curies":[{"name":"wp","href":"https:\/\/api.w.org\/{rel}","templated":true}]}}