{"id":45164,"date":"2023-12-27T08:23:00","date_gmt":"2023-12-27T11:23:00","guid":{"rendered":"https:\/\/www.radiopresidenteibanez.cl\/web\/?p=45164"},"modified":"2023-12-27T08:18:23","modified_gmt":"2023-12-27T11:18:23","slug":"multigremial-de-educacion","status":"publish","type":"post","link":"https:\/\/www.radiopresidenteibanez.cl\/web\/multigremial-de-educacion\/","title":{"rendered":"MULTIGREMIAL DE EDUCACION"},"content":{"rendered":"\n<p>Finalizada la segunda mesa t\u00e9cnica con fecha el 26 de diciembre de 2023. Informamos a nuestros\/as<br>compa\u00f1eros\/as de trabajo (funcionarios de la administraci\u00f3n central, asistentes de la educaci\u00f3n y<br>docentes). De una manera descarada y sin ninguna verg\u00fcenza que solo se pagar\u00e1 el 70% de la<br>remuneraci\u00f3n l\u00edquida de diciembre y el 30% restante tentativamente el 19 de enero del 2024, adem\u00e1s se<br>mantendr\u00e1 adeudado el pago de cotizaciones previsionales hasta febrero de 2024.<br>Hacemos responsable de esta situaci\u00f3n al alcalde Sr. Claudio Radonic Jim\u00e9nez por su inoperancia a lo largo de sus dos administraciones, ya que constantemente ejerce un trato Vejatorio y denigrante hacia los\/las trabajadores\/as que repercute afectando a m\u00e1s de 2.200 familias en su calidad de vida.<br>Bajo ninguna circunstancia aceptamos este menoscabo laboral, exigimos el pago de la totalidad de nuestras remuneraciones, ya que hemos cumplido con todas nuestras obligaciones laborales.<br>Consideramos que este accionar irresponsable es una forma de hacer pol\u00edtica que falta a la \u00e9tica, esperamos que esta situaci\u00f3n se subsane a la brevedad. De lo contrario solicitamos que d\u00e9 un paso al costado dejando a disposici\u00f3n su cargo como alcalde, ya que no esta a la altura de resolver los problemas que afectan a la comunidad.<\/p>\n\n\n\n<p>\u00a1Se trabaj\u00f3 un 100%, que se pague el 100%!<\/p>\n","protected":false},"excerpt":{"rendered":"<p>Finalizada la segunda mesa t\u00e9cnica con fecha el 26 de diciembre de 2023. Informamos a nuestros\/ascompa\u00f1eros\/as de trabajo (funcionarios de la administraci\u00f3n central, asistentes de la educaci\u00f3n ydocentes). De una&#8230; <a class=\"read-more\" href=\"https:\/\/www.radiopresidenteibanez.cl\/web\/multigremial-de-educacion\/\">Leer m\u00e1s<\/a><\/p>\n","protected":false},"author":2,"featured_media":45165,"comment_status":"closed","ping_status":"closed","sticky":false,"template":"","format":"standard","meta":{"footnotes":""},"categories":[1],"tags":[],"class_list":["post-45164","post","type-post","status-publish","format-standard","has-post-thumbnail","hentry","category-cronica"],"_links":{"self":[{"href":"https:\/\/www.radiopresidenteibanez.cl\/web\/wp-json\/wp\/v2\/posts\/45164","targetHints":{"allow":["GET"]}}],"collection":[{"href":"https:\/\/www.radiopresidenteibanez.cl\/web\/wp-json\/wp\/v2\/posts"}],"about":[{"href":"https:\/\/www.radiopresidenteibanez.cl\/web\/wp-json\/wp\/v2\/types\/post"}],"author":[{"embeddable":true,"href":"https:\/\/www.radiopresidenteibanez.cl\/web\/wp-json\/wp\/v2\/users\/2"}],"replies":[{"embeddable":true,"href":"https:\/\/www.radiopresidenteibanez.cl\/web\/wp-json\/wp\/v2\/comments?post=45164"}],"version-history":[{"count":0,"href":"https:\/\/www.radiopresidenteibanez.cl\/web\/wp-json\/wp\/v2\/posts\/45164\/revisions"}],"wp:featuredmedia":[{"embeddable":true,"href":"https:\/\/www.radiopresidenteibanez.cl\/web\/wp-json\/wp\/v2\/media\/45165"}],"wp:attachment":[{"href":"https:\/\/www.radiopresidenteibanez.cl\/web\/wp-json\/wp\/v2\/media?parent=45164"}],"wp:term":[{"taxonomy":"category","embeddable":true,"href":"https:\/\/www.radiopresidenteibanez.cl\/web\/wp-json\/wp\/v2\/categories?post=45164"},{"taxonomy":"post_tag","embeddable":true,"href":"https:\/\/www.radiopresidenteibanez.cl\/web\/wp-json\/wp\/v2\/tags?post=45164"}],"curies":[{"name":"wp","href":"https:\/\/api.w.org\/{rel}","templated":true}]}}