{"id":4516,"date":"2019-05-24T15:09:01","date_gmt":"2019-05-24T15:09:01","guid":{"rendered":"http:\/\/www.radiopresidenteibanez.cl\/web\/?p=4516"},"modified":"2019-05-24T15:09:16","modified_gmt":"2019-05-24T15:09:16","slug":"conaf-liberara-entradas-en-dia-del-patrimonio-cultural-y-realizara-visita-guiada-a-mina-caupolican","status":"publish","type":"post","link":"https:\/\/www.radiopresidenteibanez.cl\/web\/conaf-liberara-entradas-en-dia-del-patrimonio-cultural-y-realizara-visita-guiada-a-mina-caupolican\/","title":{"rendered":"CONAF LIBERAR\u00c1 ENTRADAS EN D\u00cdA DEL PATRIMONIO CULTURAL Y REALIZAR\u00c1 VISITA GUIADA A MINA CAUPOLIC\u00c1N"},"content":{"rendered":"\n<p>En el marco del D\u00eda Nacional del Patrimonio Cultural, que en esta oportunidad abarcar\u00e1 los d\u00edas s\u00e1bado 25 y domingo 26 de mayo, se podr\u00e1 ingresar gratuitamente a parques nacionales, reservas nacionales y monumentos naturales que administra CONAF en la regi\u00f3n.<\/p>\n\n\n\n<p>As\u00ed lo inform\u00f3 el Director Regional de CONAF, Mauricio V\u00e9jar, quien resalt\u00f3 que de esta forma, la corporaci\u00f3n se adhiere al D\u00eda del Patrimonio Cultural liberando las entradas en las&nbsp; \u00e1reas silvestres protegidas que actualmente se encuentran operativas como son el Parque Nacional Torres del Paine, Monumento Natural Cueva del Milod\u00f3n y Reserva Nacional Magallanes\u201d.<\/p>\n\n\n\n<p>\u201cEl prop\u00f3sito es que la ciudadan\u00eda valore cada vez m\u00e1s el patrimonio natural y cultural que se resguarda en los parques nacionales, reservas nacionales y monumentos naturales ya sea en la regi\u00f3n y el pa\u00eds y que nos corresponde administrar como corporaci\u00f3n\u201d se\u00f1al\u00f3 V\u00e9jar.<\/p>\n\n\n\n<p>De igual forma, en la Reserva Nacional Magallanes, el d\u00eda domingo a las 11 hrs. se realizar\u00e1 una visita guiada al sitio donde se encuentra la ex Mina Caupolic\u00e1n, importante testimonio de la actividad carbon\u00edfera que se llev\u00f3 adelante en el territorio de la Reserva y que hace poco fue documentada en un proyecto realizado por Conaf y que buscaba rescatar la historia del carb\u00f3n en esta \u00e1rea silvestre protegida.<\/p>\n\n\n\n<figure class=\"wp-block-image\"><img loading=\"lazy\" decoding=\"async\" width=\"900\" height=\"506\" src=\"https:\/\/www.radiopresidenteibanez.cl\/web\/wp-content\/uploads\/2019\/05\/Lago-Paine-07-04-08.00-HRS.jpg\" alt=\"\" class=\"wp-image-4517\" srcset=\"https:\/\/www.radiopresidenteibanez.cl\/web\/wp-content\/uploads\/2019\/05\/Lago-Paine-07-04-08.00-HRS.jpg 900w, https:\/\/www.radiopresidenteibanez.cl\/web\/wp-content\/uploads\/2019\/05\/Lago-Paine-07-04-08.00-HRS-300x169.jpg 300w, https:\/\/www.radiopresidenteibanez.cl\/web\/wp-content\/uploads\/2019\/05\/Lago-Paine-07-04-08.00-HRS-768x432.jpg 768w\" sizes=\"auto, (max-width: 900px) 100vw, 900px\" \/><\/figure>\n","protected":false},"excerpt":{"rendered":"<p>En el marco del D\u00eda Nacional del Patrimonio Cultural, que en esta oportunidad abarcar\u00e1 los d\u00edas s\u00e1bado 25 y domingo 26 de mayo, se podr\u00e1 ingresar gratuitamente a parques nacionales,&#8230; <a class=\"read-more\" href=\"https:\/\/www.radiopresidenteibanez.cl\/web\/conaf-liberara-entradas-en-dia-del-patrimonio-cultural-y-realizara-visita-guiada-a-mina-caupolican\/\">Leer m\u00e1s<\/a><\/p>\n","protected":false},"author":2,"featured_media":4517,"comment_status":"closed","ping_status":"closed","sticky":false,"template":"","format":"standard","meta":{"footnotes":""},"categories":[1],"tags":[],"class_list":["post-4516","post","type-post","status-publish","format-standard","has-post-thumbnail","hentry","category-cronica"],"_links":{"self":[{"href":"https:\/\/www.radiopresidenteibanez.cl\/web\/wp-json\/wp\/v2\/posts\/4516","targetHints":{"allow":["GET"]}}],"collection":[{"href":"https:\/\/www.radiopresidenteibanez.cl\/web\/wp-json\/wp\/v2\/posts"}],"about":[{"href":"https:\/\/www.radiopresidenteibanez.cl\/web\/wp-json\/wp\/v2\/types\/post"}],"author":[{"embeddable":true,"href":"https:\/\/www.radiopresidenteibanez.cl\/web\/wp-json\/wp\/v2\/users\/2"}],"replies":[{"embeddable":true,"href":"https:\/\/www.radiopresidenteibanez.cl\/web\/wp-json\/wp\/v2\/comments?post=4516"}],"version-history":[{"count":0,"href":"https:\/\/www.radiopresidenteibanez.cl\/web\/wp-json\/wp\/v2\/posts\/4516\/revisions"}],"wp:featuredmedia":[{"embeddable":true,"href":"https:\/\/www.radiopresidenteibanez.cl\/web\/wp-json\/wp\/v2\/media\/4517"}],"wp:attachment":[{"href":"https:\/\/www.radiopresidenteibanez.cl\/web\/wp-json\/wp\/v2\/media?parent=4516"}],"wp:term":[{"taxonomy":"category","embeddable":true,"href":"https:\/\/www.radiopresidenteibanez.cl\/web\/wp-json\/wp\/v2\/categories?post=4516"},{"taxonomy":"post_tag","embeddable":true,"href":"https:\/\/www.radiopresidenteibanez.cl\/web\/wp-json\/wp\/v2\/tags?post=4516"}],"curies":[{"name":"wp","href":"https:\/\/api.w.org\/{rel}","templated":true}]}}