{"id":45158,"date":"2023-12-26T17:07:00","date_gmt":"2023-12-26T20:07:00","guid":{"rendered":"https:\/\/www.radiopresidenteibanez.cl\/web\/?p=45158"},"modified":"2023-12-26T11:56:25","modified_gmt":"2023-12-26T14:56:25","slug":"seremi-de-energia-magallanes-invita-a-participar-en-consulta-publica-del-plan-de-h2v-2023-2030","status":"publish","type":"post","link":"https:\/\/www.radiopresidenteibanez.cl\/web\/seremi-de-energia-magallanes-invita-a-participar-en-consulta-publica-del-plan-de-h2v-2023-2030\/","title":{"rendered":"SEREMI DE ENERGIA MAGALLANES INVITA A PARTICIPAR EN CONSULTA PUBLICA DEL PLAN DE H2V 2023-2030"},"content":{"rendered":"\n<p>Desde la semana pasada y hasta el 13 de febrero de 2024 estar\u00e1 abierta la consulta p\u00fablica del Plan de Hidr\u00f3geno Verde 2023-2024, inform\u00f3 la Secretar\u00eda Regional Ministerial de Energ\u00eda de Magallanes.<\/p>\n\n\n\n<p>\u201cEl Plan tiene por objetivo principal definir una hoja de ruta entre el 2023 y 2030 que permita el despliegue sostenible de la industria del hidr\u00f3geno verde y sus derivados, a trav\u00e9s de acciones coordinadas entre las distintas carteras de Gobierno y organismos relacionados, en concordancia con las iniciativas regionales y locales, destac\u00f3 la titular regional del ramo\u201d, Mar\u00eda Luisa Ojeda.<\/p>\n\n\n\n<p>La Seremi Mar\u00eda Luisa Ojeda a\u00f1adi\u00f3 que \u201cel plan de acci\u00f3n impulsado por el Gobierno del Presidente Gabriel Boric busca recoger las diferentes miradas que tiene la ciudadan\u00eda y con este importante insumo, focalizar y priorizar las acciones y medidas que deben desarrollarse en esta d\u00e9cada\u201d.<\/p>\n\n\n\n<p><strong>CONTRIBUCI\u00d3N ANTE LA CRISIS MEDIOAMBIENTAL<\/strong><\/p>\n\n\n\n<p>En este sentido, la secretaria regional de Energ\u00eda apunt\u00f3 que frente a la crisis clim\u00e1tica global y gracias al gran potencial de energ\u00edas renovables con que cuenta Chile, el hidr\u00f3geno verde surge como la oportunidad para apoyar la descarbonizaci\u00f3n de los distintos sectores que demandan energ\u00eda tanto del pa\u00eds como del mundo.<\/p>\n\n\n\n<p>\u201cEl hidr\u00f3geno verde tiene el potencial de habilitar una econom\u00eda de exportaci\u00f3n de bienes y servicios con atributos verdes, adem\u00e1s de apalancar el desarrollo econ\u00f3mico sustentable de Chile y sus territorios, entre los que se encuentra Magallanes y Antofagasta como regiones pilares de esta nueva industria\u201d, subray\u00f3 la autoridad.<\/p>\n\n\n\n<p>Finalmente, la Seremi Mar\u00eda Luisa Ojeda inst\u00f3 a la comunidad magall\u00e1nica a dar su opini\u00f3n sobre el documento en formulario web de participaci\u00f3n ciudadana disponible en el siguiente enlace:&nbsp;<a href=\"http:\/\/tinyurl.com\/24f94ebn\" target=\"_blank\" rel=\"noreferrer noopener\">http:\/\/tinyurl.com\/24f94ebn<\/a>&nbsp;&nbsp;&nbsp;<\/p>\n","protected":false},"excerpt":{"rendered":"<p>Desde la semana pasada y hasta el 13 de febrero de 2024 estar\u00e1 abierta la consulta p\u00fablica del Plan de Hidr\u00f3geno Verde 2023-2024, inform\u00f3 la Secretar\u00eda Regional Ministerial de Energ\u00eda&#8230; <a class=\"read-more\" href=\"https:\/\/www.radiopresidenteibanez.cl\/web\/seremi-de-energia-magallanes-invita-a-participar-en-consulta-publica-del-plan-de-h2v-2023-2030\/\">Leer m\u00e1s<\/a><\/p>\n","protected":false},"author":2,"featured_media":45159,"comment_status":"closed","ping_status":"closed","sticky":false,"template":"","format":"standard","meta":{"footnotes":""},"categories":[1],"tags":[],"class_list":["post-45158","post","type-post","status-publish","format-standard","has-post-thumbnail","hentry","category-cronica"],"_links":{"self":[{"href":"https:\/\/www.radiopresidenteibanez.cl\/web\/wp-json\/wp\/v2\/posts\/45158","targetHints":{"allow":["GET"]}}],"collection":[{"href":"https:\/\/www.radiopresidenteibanez.cl\/web\/wp-json\/wp\/v2\/posts"}],"about":[{"href":"https:\/\/www.radiopresidenteibanez.cl\/web\/wp-json\/wp\/v2\/types\/post"}],"author":[{"embeddable":true,"href":"https:\/\/www.radiopresidenteibanez.cl\/web\/wp-json\/wp\/v2\/users\/2"}],"replies":[{"embeddable":true,"href":"https:\/\/www.radiopresidenteibanez.cl\/web\/wp-json\/wp\/v2\/comments?post=45158"}],"version-history":[{"count":0,"href":"https:\/\/www.radiopresidenteibanez.cl\/web\/wp-json\/wp\/v2\/posts\/45158\/revisions"}],"wp:featuredmedia":[{"embeddable":true,"href":"https:\/\/www.radiopresidenteibanez.cl\/web\/wp-json\/wp\/v2\/media\/45159"}],"wp:attachment":[{"href":"https:\/\/www.radiopresidenteibanez.cl\/web\/wp-json\/wp\/v2\/media?parent=45158"}],"wp:term":[{"taxonomy":"category","embeddable":true,"href":"https:\/\/www.radiopresidenteibanez.cl\/web\/wp-json\/wp\/v2\/categories?post=45158"},{"taxonomy":"post_tag","embeddable":true,"href":"https:\/\/www.radiopresidenteibanez.cl\/web\/wp-json\/wp\/v2\/tags?post=45158"}],"curies":[{"name":"wp","href":"https:\/\/api.w.org\/{rel}","templated":true}]}}