{"id":45147,"date":"2023-12-26T12:44:00","date_gmt":"2023-12-26T15:44:00","guid":{"rendered":"https:\/\/www.radiopresidenteibanez.cl\/web\/?p=45147"},"modified":"2023-12-26T10:48:34","modified_gmt":"2023-12-26T13:48:34","slug":"amplia-participacion-en-taller-de-gestion-local-del-patrimonio-organizado-por-serpat","status":"publish","type":"post","link":"https:\/\/www.radiopresidenteibanez.cl\/web\/amplia-participacion-en-taller-de-gestion-local-del-patrimonio-organizado-por-serpat\/","title":{"rendered":"AMPLIA PARTICIPACION EN TALLER DE GESTION LOCAL DEL PATRIMONIO ORGANIZADO POR SERPAT"},"content":{"rendered":"\n<p>El pasado jueves se realiz\u00f3 en las instalaciones de la Direcci\u00f3n Regional del Servicio del Patrimonio Cultural (Serpat) el Taller de Gesti\u00f3n Local del Patrimonio \u00abCarpinter\u00eda de Ribera en Magallanes: Estrategias museales para la salvaguardia\u00bb, organizado por el equipo regional de la Subdirecci\u00f3n&nbsp;de Patrimonio Cultural Inmaterial.<br>La Carpinter\u00eda de Ribera que se desarrolla en la Regi\u00f3n de Magallanes y Ant\u00e1rtica Chilena, es un oficio especializado que consiste en la construcci\u00f3n artesanal de embarcaciones de madera, destinadas a actividades pesqueras, de transporte y tur\u00edsticas, aprendido de forma oral a trav\u00e9s de la pr\u00e1ctica. Entre los saberes tradicionales que le caracterizan, se identifica un conjunto de conocimientos ecosist\u00e9micos sobre la flora local, relevantes para la selecci\u00f3n de maderas nativas en lugares cercanos a Punta Arenas, Puerto Natales, Puerto Ed\u00e9n y Puerto Williams. As\u00ed tambi\u00e9n, destaca el conocimiento sobre mareas, clima y navegaci\u00f3n, articulando en ello memorias territoriales de larga data.&nbsp;<\/p>\n\n\n\n<p>La apertura del encuentro estuvo a cargo del director regional del Serpat, Pablo Quercia, quien destac\u00f3 \u00abla posibilidad de conocer&nbsp;interesantes experiencias de carpinter\u00eda de ribera relacionadas con museos,&nbsp;las que&nbsp;enriquecen&nbsp;el di\u00e1logo y las proyecciones de futuras&nbsp;acciones de salvaguardia en&nbsp;Magallanes\u00bb.&nbsp;La jornada cont\u00f3 tambi\u00e9n con la presencia de la seremi de las Culturas, las Artes y el Patrimonio, Carolina Herrera, y la participaci\u00f3n de cinco&nbsp;cultores regionales de&nbsp;esta tradici\u00f3n&nbsp;reconocida por el Estado chileno como Patrimonio Cultural Inmaterial, as\u00ed como de invitados especiales y p\u00fablico general.&nbsp;<br>El taller se abri\u00f3 con el estreno del testimonio&nbsp;audiovisual in\u00e9dito del&nbsp;maestro&nbsp;Francisco Arroyo Ed\u00e9n, qui\u00e9n&nbsp;integra las tradiciones kaw\u00e9sqar y chilota a sus saberes y experiencias en&nbsp;la carpinter\u00eda de ribera. El registro fue realizado por&nbsp;la Asociaci\u00f3n de Investigadores del Museo de Historia Natural R\u00edo Seco y fue presentado por Miguel C\u00e1ceres.&nbsp;&nbsp;Posteriormente se llev\u00f3 a cabo un interesante foro de conversaci\u00f3n entre los&nbsp;cultores regionales&nbsp;y los invitados&nbsp;Jaime Gallardo,&nbsp;carpintero de ribera y gestor patrimonial del&nbsp;Museo de la Lancha Velera Chilota (Hualaihu\u00e9, Regi\u00f3n de&nbsp;Los Lagos)&nbsp; y&nbsp;Xabier Agote de&nbsp;Albaola la Factor\u00eda Mar\u00edtima Vasca (Pasaia,&nbsp;Espa\u00f1a). En el di\u00e1logo se afianzaron v\u00ednculos y se compartieron experiencias y memorias sobre la carpinter\u00eda de ribera y la navegaci\u00f3n, adem\u00e1s de contar con una animada participaci\u00f3n del p\u00fablico.<br>Previo al taller, y aprovechando la presencia de cultores de Puerto Natales y Punta Arenas,&nbsp;se realiz\u00f3 una reuni\u00f3n con la seremi de Econom\u00eda, Marlene Espa\u00f1a, con la participaci\u00f3n de la jefa de la Unidad Jur\u00eddica de la Direcci\u00f3n Regional del Serpat, Sylvia Monrroy, para apoyar el inter\u00e9s de la comunidad cultora&nbsp;por gestar redes de asociatividad y avanzar colectivamente en la&nbsp;salvaguardia y la difusi\u00f3n&nbsp;de&nbsp;este oficio en la regi\u00f3n.&nbsp;&nbsp;<br>Al cierre de la jornada, el&nbsp;director regional del Serpat, Pablo Quercia, expres\u00f3 su satisfacci\u00f3n por el desarrollo de este encuentro, pues \u00abtanto&nbsp;para este servicio como para la comunidad cultora de carpinter\u00eda de ribera en Magallanes, es de vital&nbsp;importancia contar con espacios de intercambio directo de experiencias e ideas, para&nbsp;proyectar en conjunto y en los distintos territorios, el&nbsp;reconocimiento y la&nbsp;valoraci\u00f3n de un oficio ancestral que es parte central de la identidad&nbsp;colectiva regional\u00bb.<\/p>\n","protected":false},"excerpt":{"rendered":"<p>El pasado jueves se realiz\u00f3 en las instalaciones de la Direcci\u00f3n Regional del Servicio del Patrimonio Cultural (Serpat) el Taller de Gesti\u00f3n Local del Patrimonio \u00abCarpinter\u00eda de Ribera en Magallanes:&#8230; <a class=\"read-more\" href=\"https:\/\/www.radiopresidenteibanez.cl\/web\/amplia-participacion-en-taller-de-gestion-local-del-patrimonio-organizado-por-serpat\/\">Leer m\u00e1s<\/a><\/p>\n","protected":false},"author":2,"featured_media":45148,"comment_status":"closed","ping_status":"closed","sticky":false,"template":"","format":"standard","meta":{"footnotes":""},"categories":[1],"tags":[],"class_list":["post-45147","post","type-post","status-publish","format-standard","has-post-thumbnail","hentry","category-cronica"],"_links":{"self":[{"href":"https:\/\/www.radiopresidenteibanez.cl\/web\/wp-json\/wp\/v2\/posts\/45147","targetHints":{"allow":["GET"]}}],"collection":[{"href":"https:\/\/www.radiopresidenteibanez.cl\/web\/wp-json\/wp\/v2\/posts"}],"about":[{"href":"https:\/\/www.radiopresidenteibanez.cl\/web\/wp-json\/wp\/v2\/types\/post"}],"author":[{"embeddable":true,"href":"https:\/\/www.radiopresidenteibanez.cl\/web\/wp-json\/wp\/v2\/users\/2"}],"replies":[{"embeddable":true,"href":"https:\/\/www.radiopresidenteibanez.cl\/web\/wp-json\/wp\/v2\/comments?post=45147"}],"version-history":[{"count":0,"href":"https:\/\/www.radiopresidenteibanez.cl\/web\/wp-json\/wp\/v2\/posts\/45147\/revisions"}],"wp:featuredmedia":[{"embeddable":true,"href":"https:\/\/www.radiopresidenteibanez.cl\/web\/wp-json\/wp\/v2\/media\/45148"}],"wp:attachment":[{"href":"https:\/\/www.radiopresidenteibanez.cl\/web\/wp-json\/wp\/v2\/media?parent=45147"}],"wp:term":[{"taxonomy":"category","embeddable":true,"href":"https:\/\/www.radiopresidenteibanez.cl\/web\/wp-json\/wp\/v2\/categories?post=45147"},{"taxonomy":"post_tag","embeddable":true,"href":"https:\/\/www.radiopresidenteibanez.cl\/web\/wp-json\/wp\/v2\/tags?post=45147"}],"curies":[{"name":"wp","href":"https:\/\/api.w.org\/{rel}","templated":true}]}}