{"id":45101,"date":"2023-12-23T13:36:00","date_gmt":"2023-12-23T16:36:00","guid":{"rendered":"https:\/\/www.radiopresidenteibanez.cl\/web\/?p=45101"},"modified":"2023-12-23T11:38:39","modified_gmt":"2023-12-23T14:38:39","slug":"ministro-montes-entrega-45-subsidios-habitacionales-y-pone-la-primera-piedra-de-un-conjunto-que-beneficiara-a-23-familias-en-puerto-williams","status":"publish","type":"post","link":"https:\/\/www.radiopresidenteibanez.cl\/web\/ministro-montes-entrega-45-subsidios-habitacionales-y-pone-la-primera-piedra-de-un-conjunto-que-beneficiara-a-23-familias-en-puerto-williams\/","title":{"rendered":"Ministro Montes entrega 45 subsidios habitacionales y pone la primera piedra de un conjunto que beneficiar\u00e1 a 23 familias en Puerto Williams"},"content":{"rendered":"\n<p>\u201cEl ministerio est\u00e1 llegando a todo Chile y llega tambi\u00e9n hasta aqu\u00ed, hasta Puerto Williams\u201d, as\u00ed describi\u00f3 el ministro de Vivienda y Urbanismo,&nbsp;<strong>Carlos Montes<\/strong>, su visita hasta la ciudad m\u00e1s austral de nuestro pa\u00eds. Visita necesaria seg\u00fan la autoridad, ya que \u201cla pol\u00edtica de vivienda se debe instalar en todo tipo de ciudades y localidades, no solo en las grandes\u201d.<\/p>\n\n\n\n<p>\u201cHab\u00eda una opci\u00f3n de construir todo en los mismos lugares, lo que es un error, porque se van aumentando los problemas en las grandes ciudades. Y este Ministerio, en dos a\u00f1os, ya ha llegado a 338 comunas con proyectos en proceso o con proyectos ya construidos\u201d, recalc\u00f3 el ministro.<\/p>\n\n\n\n<p>El titular del Minvu revel\u00f3 que \u201caqu\u00ed hay planes de construir varios lotes adicionales y se est\u00e1 pensando en la idea de tener alguna adaptaci\u00f3n de la vivienda industrializada para la regi\u00f3n. Nosotros vamos a hacer una licitaci\u00f3n ahora y la licitaci\u00f3n va a tener particularidades regionales y, en ese sentido, podr\u00edamos incorporar elementos tecnol\u00f3gicos que permitieran compatibilizar el fr\u00edo, las condiciones clim\u00e1ticas, que s\u00ed lo incluye la vivienda industrializada, para poder avanzar, a lo mejor, en los proyectos futuros con una tecnolog\u00eda distinta, que tiene una serie de ventajas, porque, por ejemplo, contamina menos\u201d.<\/p>\n\n\n\n<p>En Puerto Williams, el secretario de Estado entreg\u00f3 subsidios habitacionales a 45 familias del proyecto \u00abAltos de Cabo de Hornos\u00bb y encabez\u00f3 la colocaci\u00f3n de la primera piedra del conjunto \u00abSoberan\u00eda en el Fin del Mundo\u00bb, que beneficiar\u00e1 a 23 familias, todo en el marco del Plan de Emergencia Habitacional.<\/p>\n\n\n\n<p><strong>Karla Jaque<\/strong>, presidenta del comit\u00e9 de familias beneficiarias \u201cSoberan\u00eda en el Fin del Mundo\u201d, asegur\u00f3 estar muy contenta, ya que \u201cdespu\u00e9s de 10 a\u00f1os, estamos un paso m\u00e1s cerca de nuestro futuro hogar. Somos 23 familias, la mayor\u00eda madre solteras e ind\u00edgenas y estamos muy orgullosas de lo que estamos logrando hoy d\u00eda\u201d.<\/p>\n\n\n\n<p>Por su parte, el gobernador regional de Magallanes y de la Ant\u00e1rtica Chilena,<strong>&nbsp;Jorge Flies<\/strong>, recalc\u00f3 que \u201cmuchas veces decimos que hay un alto centralismo en el pa\u00eds y una de las cosas fundamentales es que ese centralismo no se repita la regiones y aqu\u00ed estamos, en la ciudad m\u00e1s austral del mundo, donde comienza Chile, colocando la primera piedra de un conjunto habitacional de 23 casas y entregando 45 subsidios en una alianza uno a uno con el ministerio, haciendo comunidad, con barrios, plazas y avenidas\u201d.<\/p>\n\n\n\n<p>En tanto, el delegado presidencial regional,&nbsp;<strong>Jos\u00e9 Ruiz Pivcevic<\/strong>, asegur\u00f3 que hoy se est\u00e1n entregando buenas noticias, recalc\u00f3 que \u201cno se entregaban soluciones habitacionales en Puerto Williams desde el a\u00f1o 2017\u201d y agreg\u00f3 que \u201cen la regi\u00f3n vamos a tranco muy firme en el Plan de Emergencia Habitacional, pero no solamente en la capital regional, tambi\u00e9n, porque tenemos una mirada descentralizadora, de poder llegar a distintas localidades\u201d.<\/p>\n\n\n\n<p>Finalmente, el alcalde de Cabo de Hornos,&nbsp;<strong>Patricio Fern\u00e1ndez<\/strong>, indic\u00f3 que \u201cpara nosotros, estar con el ministro Montes es un hito, marca el largo caminar que tuvimos en estos 10 a\u00f1os. Hoy d\u00eda con el apoyo del Ministerio de Vivienda y Urbanismo podemos concretar este sue\u00f1o de la vivienda propia en el lugar m\u00e1s apartado de Chile, en la ciudad m\u00e1s austral y esto, la verdad, es que nos da una convicci\u00f3n para seguir trabajando, hay nuevos desaf\u00edos de construcci\u00f3n en materia de vivienda y estamos apuntando para mejorar la calidad de vida de nuestra comuna<\/p>\n","protected":false},"excerpt":{"rendered":"<p>\u201cEl ministerio est\u00e1 llegando a todo Chile y llega tambi\u00e9n hasta aqu\u00ed, hasta Puerto Williams\u201d, as\u00ed describi\u00f3 el ministro de Vivienda y Urbanismo,&nbsp;Carlos Montes, su visita hasta la ciudad m\u00e1s&#8230; <a class=\"read-more\" href=\"https:\/\/www.radiopresidenteibanez.cl\/web\/ministro-montes-entrega-45-subsidios-habitacionales-y-pone-la-primera-piedra-de-un-conjunto-que-beneficiara-a-23-familias-en-puerto-williams\/\">Leer m\u00e1s<\/a><\/p>\n","protected":false},"author":2,"featured_media":45102,"comment_status":"closed","ping_status":"closed","sticky":false,"template":"","format":"standard","meta":{"footnotes":""},"categories":[1],"tags":[],"class_list":["post-45101","post","type-post","status-publish","format-standard","has-post-thumbnail","hentry","category-cronica"],"_links":{"self":[{"href":"https:\/\/www.radiopresidenteibanez.cl\/web\/wp-json\/wp\/v2\/posts\/45101","targetHints":{"allow":["GET"]}}],"collection":[{"href":"https:\/\/www.radiopresidenteibanez.cl\/web\/wp-json\/wp\/v2\/posts"}],"about":[{"href":"https:\/\/www.radiopresidenteibanez.cl\/web\/wp-json\/wp\/v2\/types\/post"}],"author":[{"embeddable":true,"href":"https:\/\/www.radiopresidenteibanez.cl\/web\/wp-json\/wp\/v2\/users\/2"}],"replies":[{"embeddable":true,"href":"https:\/\/www.radiopresidenteibanez.cl\/web\/wp-json\/wp\/v2\/comments?post=45101"}],"version-history":[{"count":0,"href":"https:\/\/www.radiopresidenteibanez.cl\/web\/wp-json\/wp\/v2\/posts\/45101\/revisions"}],"wp:featuredmedia":[{"embeddable":true,"href":"https:\/\/www.radiopresidenteibanez.cl\/web\/wp-json\/wp\/v2\/media\/45102"}],"wp:attachment":[{"href":"https:\/\/www.radiopresidenteibanez.cl\/web\/wp-json\/wp\/v2\/media?parent=45101"}],"wp:term":[{"taxonomy":"category","embeddable":true,"href":"https:\/\/www.radiopresidenteibanez.cl\/web\/wp-json\/wp\/v2\/categories?post=45101"},{"taxonomy":"post_tag","embeddable":true,"href":"https:\/\/www.radiopresidenteibanez.cl\/web\/wp-json\/wp\/v2\/tags?post=45101"}],"curies":[{"name":"wp","href":"https:\/\/api.w.org\/{rel}","templated":true}]}}