{"id":45091,"date":"2023-12-22T16:17:00","date_gmt":"2023-12-22T19:17:00","guid":{"rendered":"https:\/\/www.radiopresidenteibanez.cl\/web\/?p=45091"},"modified":"2023-12-22T11:25:26","modified_gmt":"2023-12-22T14:25:26","slug":"gobierno-cumple-compromiso-presidente-boric-firma-proyecto-de-nueva-ley-de-pesca","status":"publish","type":"post","link":"https:\/\/www.radiopresidenteibanez.cl\/web\/gobierno-cumple-compromiso-presidente-boric-firma-proyecto-de-nueva-ley-de-pesca\/","title":{"rendered":"GOBIERNO CUMPLE COMPROMISO PRESIDENTE BORIC FIRMA PROYECTO DE NUEVA LEY DE PESCA"},"content":{"rendered":"\n<p>El Presidente de la Rep\u00fablica, Gabriel Boric, firm\u00f3 hoy el proyecto de nueva Ley de Pesca, cumpliendo el compromiso que asumi\u00f3 en su cuenta p\u00fablica de junio de 2023, de enviar la iniciativa durante el segundo semestre de este a\u00f1o. En la caleta de Quintay, el Mandatario dio el puntapi\u00e9 inicial al proceso para<br>avanzar hacia una nueva normativa para la actividad pesquera, acompa\u00f1ado del ministro de Econom\u00eda, Nicol\u00e1s Grau, el Subsecretario de Pesca y Acuicultura, Julio Salas, parlamentarios, representantes de la pesca artesanal e industrial, entre otros.<br>En su discurso, el Presidente plante\u00f3 que \u201cnecesitamos una nueva y buena Ley de<br>Pesca para Chile, una ley que sea justa, una ley que asegure la sostenibilidad de los<br>recursos\u201d, y agreg\u00f3 que, \u201che conversado muchas veces con pescadores a lo largo de<br>todo Chile y una de las cosas que siempre me sorprende es la preocupaci\u00f3n y la<br>conciencia que existe respecto a la necesidad de cuidar la sostenibilidad de los<br>recursos\u201d. \u201cEsta ley \u2014leg\u00edtima democr\u00e1ticamente\u2014 est\u00e1 construida sobre evidencia<br>cient\u00edfica, potencia nuestra vocaci\u00f3n oce\u00e1nica y pesquera, reconoce la importancia de<br>nuestras caletas y comunidades costeras, favorece el desarrollo econ\u00f3mico de nuestro<br>pa\u00eds, el empleo y la preservaci\u00f3n de nuestra entidad mar\u00edtima\u201d, finaliz\u00f3 el Mandatario.<br>Entre los principales ejes de la iniciativa destacan desarrollo sostenible de la actividad<br>pesquera, equidad en el sector, protecci\u00f3n social para las y los pescadores artesanales,<br>enfoque cient\u00edfico t\u00e9cnico e incentivo al consumo humano.<br>El Gobierno enviar\u00e1 el proyecto la pr\u00f3xima semana al Congreso para iniciar su<br>tramitaci\u00f3n en enero de 2024. Al respecto, el ministro de Econom\u00eda, Nicol\u00e1s Grau,<br>asegur\u00f3 que \u201cdesde los inicios de esta nueva ley, estamos actuando con transparencia,<br>con participaci\u00f3n, de forma tal de que estos sean los cimientos de la legitimidad futura<br>de este proyecto de ley cuando finalmente se apruebe\u201d.<br>Este proyecto \u201cse preocupa de la equidad, intergeneracional, es decir, cuidando que<br>no saquemos todos los recursos ahora, sino que esto sea sostenible en el tiempo, tambi\u00e9n<br>en la equidad entre los territorios, entre los distintos sectores productivos aqu\u00ed<br>involucrados\u201d.<br>En tanto, el presidente del sindicato de pescadores artesanales de Quintay Javier<br>Alvarez reconoci\u00f3 estar \u201cmuy orgulloso de tener a las m\u00e1ximas autoridades como<br>nuestro Presidente en algo que esper\u00e1bamos hace mucho tiempo\u201d.<br>El subsecretario de Pesca y Acuicultura, Julio Salas, sostuvo que la iniciativa \u201ctiene<br>\u00e9nfasis en la equidad, en la distribuci\u00f3n de recursos pesqueros de acuerdo a criterios<br>cient\u00edfico-t\u00e9cnicos, que tiene \u00e9nfasis espec\u00edfico en la transparencia, la forma en que se<br>distribuyen los recursos no puede depender del arbitrio ni de quien tiene m\u00e1s poder o<br>m\u00e1s recursos, sino que debe depender de la investigaci\u00f3n cient\u00edfica y por eso se<br>fortalece la ciencia\u201d.<br>Destac\u00f3 que este proyecto \u201cviene a resolver una deuda de hace d\u00e9cadas con el mundo<br>de la pesca artesanal, que estaba desprovisto de todo instrumento de protecci\u00f3n<br>social\u201d. Y este proyecto lo aborda en profundidad.<br>La presidenta de la comisi\u00f3n de Pesca de la C\u00e1mara de Diputados, Daniela Cicardini,<br>se\u00f1al\u00f3 en tanto que \u201cesta es la oportunidad para poner fin a una ley ilegitima y que<br>gener\u00f3 tanto da\u00f1o, no solo por la corrupci\u00f3n, sino por la afectaci\u00f3n a nuestro mar y a<br>la pesca artesanal\u201d.<br>Para la Seremi de Econom\u00eda, Fomento y Turismo de la regi\u00f3n de Magallanes, Marlene<br>Espa\u00f1a, destaca, \u201cEste proyecto de ley es el resultado de un proceso participativo con<br>los distintos actores de la pesca artesanal, industrial, mujeres que se dedican a las<br>actividades conexas, trabajadores de las plantas de proceso, cient\u00edficos y acad\u00e9micos\u201d,<br>indico la l\u00edder de la cartera econ\u00f3mica.<br>Los principales ejes que hacen que este proyecto sea una buena Ley de Pesca para<br>Chile son:<br>1) Transparencia en el sector pesquero y combate contra la pesca ilegal, no<br>declarada y no Reglamentada.<br>2) Equidad: El proyecto promueve la equidad intergeneracional, que permite el<br>uso sostenible de los recursos hidrobiol\u00f3gicos y los ecosistemas marinos y costeros,<br>equidad en la distribuci\u00f3n de estos recursos en sus tres dimensiones: artesanal-<br>industrial (fraccionamiento), entre regiones y entre individuos. equidad territorial,<br>equidad en las condiciones de protecci\u00f3n social para la pesca artesanal y equidad de<br>g\u00e9nero ya que reconoce y valora el rol vital de las mujeres en el sector pesquero y su<br>cadena de valor.<br>3) Desarrollo sostenible de la actividad pesquera para asegurar un desarrollo<br>continuo y equilibrado del sector. Esto implica una gesti\u00f3n responsable de los recursos<br>marinos buscando el equilibrio entre el crecimiento econ\u00f3mico y la conservaci\u00f3n<br>ambiental y el bienestar social, garantizando adem\u00e1s la alimentaci\u00f3n de la poblaci\u00f3n.<br>Para garantizar un futuro sostenible de la actividad pesquera, es esencial que el Estado<br>fortalezca su regulaci\u00f3n y el monitoreo de estas actividades.<br>Como Gobierno estamos muy satisfechos de esta iniciativa, ya que estamos<br>valorizando el sector pesquero artesanal asegurando mayor protecci\u00f3n social y<br>mejores condiciones laborales.<\/p>\n","protected":false},"excerpt":{"rendered":"<p>El Presidente de la Rep\u00fablica, Gabriel Boric, firm\u00f3 hoy el proyecto de nueva Ley de Pesca, cumpliendo el compromiso que asumi\u00f3 en su cuenta p\u00fablica de junio de 2023, de&#8230; <a class=\"read-more\" href=\"https:\/\/www.radiopresidenteibanez.cl\/web\/gobierno-cumple-compromiso-presidente-boric-firma-proyecto-de-nueva-ley-de-pesca\/\">Leer m\u00e1s<\/a><\/p>\n","protected":false},"author":2,"featured_media":45092,"comment_status":"closed","ping_status":"closed","sticky":false,"template":"","format":"standard","meta":{"footnotes":""},"categories":[1],"tags":[],"class_list":["post-45091","post","type-post","status-publish","format-standard","has-post-thumbnail","hentry","category-cronica"],"_links":{"self":[{"href":"https:\/\/www.radiopresidenteibanez.cl\/web\/wp-json\/wp\/v2\/posts\/45091","targetHints":{"allow":["GET"]}}],"collection":[{"href":"https:\/\/www.radiopresidenteibanez.cl\/web\/wp-json\/wp\/v2\/posts"}],"about":[{"href":"https:\/\/www.radiopresidenteibanez.cl\/web\/wp-json\/wp\/v2\/types\/post"}],"author":[{"embeddable":true,"href":"https:\/\/www.radiopresidenteibanez.cl\/web\/wp-json\/wp\/v2\/users\/2"}],"replies":[{"embeddable":true,"href":"https:\/\/www.radiopresidenteibanez.cl\/web\/wp-json\/wp\/v2\/comments?post=45091"}],"version-history":[{"count":0,"href":"https:\/\/www.radiopresidenteibanez.cl\/web\/wp-json\/wp\/v2\/posts\/45091\/revisions"}],"wp:featuredmedia":[{"embeddable":true,"href":"https:\/\/www.radiopresidenteibanez.cl\/web\/wp-json\/wp\/v2\/media\/45092"}],"wp:attachment":[{"href":"https:\/\/www.radiopresidenteibanez.cl\/web\/wp-json\/wp\/v2\/media?parent=45091"}],"wp:term":[{"taxonomy":"category","embeddable":true,"href":"https:\/\/www.radiopresidenteibanez.cl\/web\/wp-json\/wp\/v2\/categories?post=45091"},{"taxonomy":"post_tag","embeddable":true,"href":"https:\/\/www.radiopresidenteibanez.cl\/web\/wp-json\/wp\/v2\/tags?post=45091"}],"curies":[{"name":"wp","href":"https:\/\/api.w.org\/{rel}","templated":true}]}}