{"id":45068,"date":"2023-12-21T16:15:12","date_gmt":"2023-12-21T19:15:12","guid":{"rendered":"https:\/\/www.radiopresidenteibanez.cl\/web\/?p=45068"},"modified":"2023-12-21T16:15:17","modified_gmt":"2023-12-21T19:15:17","slug":"ministro-montes-entrega-terreno-para-construir-jardin-junji-en-emblematico-plan-urbano-habitacional-de-punta-arenas","status":"publish","type":"post","link":"https:\/\/www.radiopresidenteibanez.cl\/web\/ministro-montes-entrega-terreno-para-construir-jardin-junji-en-emblematico-plan-urbano-habitacional-de-punta-arenas\/","title":{"rendered":"MINISTRO MONTES ENTREGA TERRENO PARA CONSTRUIR JARDIN JUNJI EN EMBLEMATICO PLAN URBANO HABITACIONAL DE PUNTA ARENAS"},"content":{"rendered":"\n<p>En el contexto de su visita a la Regi\u00f3n de Magallanes y de la<br>Ant\u00e1rtica Chilena, que se extender\u00e1 hasta ma\u00f1ana, el ministro de Vivienda y Urbanismo, Carlos<br>Montes, encabez\u00f3 la ceremonia de entrega de un terreno a la Junta Nacional de Jardines Infantiles,<br>que beneficiar\u00e1 a los futuros habitantes del Plan Urbano Habitacional (PUH) de Punta Arenas, un<br>proyecto del Plan Ciudades Justas del Minvu.<br>El jard\u00edn infantil y sala cuna, que tendr\u00e1 una capacidad m\u00e1xima de 144 lactantes y p\u00e1rvulos, se<br>emplazar\u00e1 en una superficie de 2.500 metros cuadrados.<br>\u201cLa educaci\u00f3n parvularia es muy determinante para las ni\u00f1as y ni\u00f1os. Por eso es muy importante<br>construir jardines de este est\u00e1ndar, donde tengan un espacio para desarrollarse y formar parte de la<br>sociedad\u201d, dijo el ministro Montes, quien tambi\u00e9n se refiri\u00f3 al avance del Plan de Emergencia<br>Habitacional que registra a noviembre: 92.093 entregadas, 125.191 en ejecuci\u00f3n, y 82.649 en<br>proyectos por aprobarse.<br>\u00abNuestra tarea y nuestro compromiso con el Presidente es seguir con el Plan de Emergencia<br>Habitacional. Queremos cumplir la meta e incluso superarla, porque en esta regi\u00f3n est\u00e1n las<br>condiciones. Ojal\u00e1 esta llegara a ser la primera regi\u00f3n que no tenga d\u00e9ficit habitacional y creemos que<br>no estamos tan lejos de eso\u00bb, enfatiz\u00f3 la autoridad.<br>El traspaso del terreno responde a los principios del Plan Ciudades Justas del Minvu, a trav\u00e9s del cual<br>se plantea una estrategia para recuperar el sentido de las ciudades, como lugar de convivencia social,<br>y de oportunidades para la realizaci\u00f3n de los proyectos de vida de las personas y comunidades. Para<\/p>\n\n\n\n<p>ello, es fundamental fortalecer la planificaci\u00f3n oportuna del territorio, la inversi\u00f3n p\u00fablica, el dise\u00f1o<br>de obras urbanas con enfoque de g\u00e9nero y el uso del espacio p\u00fablico.<br>En la ceremonia, la directora regional Junji, Paola Valenzuela, detall\u00f3 que el futuro jard\u00edn infantil y<br>sala cuna tendr\u00e1 caracter\u00edsticas similares a los establecimientos que gestiona el organismo \u201cen<br>t\u00e9rminos de metraje, colores y disposici\u00f3n. Siempre los espacios educativos tienen que estar<br>pensados para generar conexi\u00f3n del establecimiento con el lugar donde est\u00e1 ubicado y este futuro<br>jard\u00edn forma parte de este sector, hay mucha conexi\u00f3n con el medio\u201d.<br>Este equipamiento forma parte de la etapa 1 del PUH, la cual contempla la ejecuci\u00f3n de un proyecto<br>habitacional de integraci\u00f3n social de 250 viviendas, un parque urbano de 2,3 hect\u00e1reas, y 4.000<br>metros cuadrados para una escuela b\u00e1sica.<br>En este acto de traspaso, participaron, adem\u00e1s, el delegado presidencial regional, Jos\u00e9 Ruiz; el seremi<br>de Vivienda y Urbanismo, Marco Uribe; el director regional (S) del Serviu, Omar Gonz\u00e1lez; el seremi<br>de Educaci\u00f3n, Valent\u00edn Aguilera; el jefe de la Divisi\u00f3n de Desarrollo Urbano, Vicente Burgos; y P\u00eda<br>Castelli, coordinadora nacional social del Minvu.<br>El delegado presidencial regional, Jos\u00e9 Ruiz Pivcevic, relev\u00f3 que \u201ccomo gobierno del presidente<br>Gabriel Boric queremos impulsar que el Estado empiece a recobrar este sentido de planificaci\u00f3n, no<br>solamente en construir casas, sino tambi\u00e9n generar espacios para servicios p\u00fablicos. En este Plan<br>Urbano Habitacional se van a construir casas, servicios p\u00fablicos y un parque urbano, porque, cuando<br>hablamos de Ciudades Justas, hablamos de planificaci\u00f3n y de ciudades m\u00e1s habitables\u201d.<br>El ministro Montes continuar\u00e1 sus actividades del d\u00eda con la ceremonia de entrega de 90 viviendas<br>(DS49) del proyecto \u201cEstepa Austral 1\u201d y una reuni\u00f3n con la C\u00e1mara Chilena de la Construcci\u00f3n.<br>Ma\u00f1ana se trasladar\u00e1 a Puerto Williams, comuna de Cabo de Hornos, en la que entregar\u00e1 subsidios<br>habitacionales (DS49) para el proyecto \u201cAltos de Cabo de Hornos\u201d de 45 viviendas y la instalaci\u00f3n<br>primera piedra conjunto habitacional (DS49) \u201cSoberan\u00eda en el Fin del Mundo\u201d de 23 viviendas.<\/p>\n","protected":false},"excerpt":{"rendered":"<p>En el contexto de su visita a la Regi\u00f3n de Magallanes y de laAnt\u00e1rtica Chilena, que se extender\u00e1 hasta ma\u00f1ana, el ministro de Vivienda y Urbanismo, CarlosMontes, encabez\u00f3 la ceremonia&#8230; <a class=\"read-more\" href=\"https:\/\/www.radiopresidenteibanez.cl\/web\/ministro-montes-entrega-terreno-para-construir-jardin-junji-en-emblematico-plan-urbano-habitacional-de-punta-arenas\/\">Leer m\u00e1s<\/a><\/p>\n","protected":false},"author":2,"featured_media":45069,"comment_status":"closed","ping_status":"closed","sticky":false,"template":"","format":"standard","meta":{"footnotes":""},"categories":[1],"tags":[],"class_list":["post-45068","post","type-post","status-publish","format-standard","has-post-thumbnail","hentry","category-cronica"],"_links":{"self":[{"href":"https:\/\/www.radiopresidenteibanez.cl\/web\/wp-json\/wp\/v2\/posts\/45068","targetHints":{"allow":["GET"]}}],"collection":[{"href":"https:\/\/www.radiopresidenteibanez.cl\/web\/wp-json\/wp\/v2\/posts"}],"about":[{"href":"https:\/\/www.radiopresidenteibanez.cl\/web\/wp-json\/wp\/v2\/types\/post"}],"author":[{"embeddable":true,"href":"https:\/\/www.radiopresidenteibanez.cl\/web\/wp-json\/wp\/v2\/users\/2"}],"replies":[{"embeddable":true,"href":"https:\/\/www.radiopresidenteibanez.cl\/web\/wp-json\/wp\/v2\/comments?post=45068"}],"version-history":[{"count":0,"href":"https:\/\/www.radiopresidenteibanez.cl\/web\/wp-json\/wp\/v2\/posts\/45068\/revisions"}],"wp:featuredmedia":[{"embeddable":true,"href":"https:\/\/www.radiopresidenteibanez.cl\/web\/wp-json\/wp\/v2\/media\/45069"}],"wp:attachment":[{"href":"https:\/\/www.radiopresidenteibanez.cl\/web\/wp-json\/wp\/v2\/media?parent=45068"}],"wp:term":[{"taxonomy":"category","embeddable":true,"href":"https:\/\/www.radiopresidenteibanez.cl\/web\/wp-json\/wp\/v2\/categories?post=45068"},{"taxonomy":"post_tag","embeddable":true,"href":"https:\/\/www.radiopresidenteibanez.cl\/web\/wp-json\/wp\/v2\/tags?post=45068"}],"curies":[{"name":"wp","href":"https:\/\/api.w.org\/{rel}","templated":true}]}}