{"id":449,"date":"2019-01-14T18:16:25","date_gmt":"2019-01-14T18:16:25","guid":{"rendered":"http:\/\/www.radiopresidenteibanez.cl\/web\/?p=449"},"modified":"2019-01-14T18:16:48","modified_gmt":"2019-01-14T18:16:48","slug":"ministra-pla-lanza-nuevo-fono-de-orientacion-para-la-violencia-contra-las-mujeres","status":"publish","type":"post","link":"https:\/\/www.radiopresidenteibanez.cl\/web\/ministra-pla-lanza-nuevo-fono-de-orientacion-para-la-violencia-contra-las-mujeres\/","title":{"rendered":"MINISTRA PL\u00c1 LANZA NUEVO FONO DE ORIENTACI\u00d3N PARA LA VIOLENCIA CONTRA LAS MUJERES"},"content":{"rendered":"\n<p>En el contexto de los cuatro\nfemicidios ocurridos durante estos primeros d\u00edas del a\u00f1o, la ministra de la\nMujer y la Equidad de G\u00e9nero, Isabel Pl\u00e1, junto a la directora del Servicio de\nla Mujer y la Equidad de G\u00e9nero, Viviana Paredes, llegaron hasta el Centro de\nla Mujer de Providencia, para anunciar oficialmente el nuevo fono de\norientaci\u00f3n para mujeres v\u00edctimas de violencia y testigos, que atender\u00e1 las 24\nhoras, los 365 d\u00edas del a\u00f1o y de forma gratuita.<\/p>\n\n\n\n<p>El nuevo Fono de Orientaci\u00f3n\n(1455) contra la violencia a la mujer y que reemplaz\u00f3 al antiguo n\u00famero 800104008,\nfue reducido a cuatro d\u00edgitos y busca ser recordado de manera m\u00e1s f\u00e1cil y dar\nayuda a todas las mujeres que sufren maltrato, tanto f\u00edsico como psicol\u00f3gico,\nbrind\u00e1ndoles orientaci\u00f3n sobre c\u00f3mo solicitar ayuda, a qui\u00e9nes acudir o d\u00f3nde\ndenunciar. Este servicio cuenta con asistentes capacitados para atender este\ntipo de casos.<\/p>\n\n\n\n<p>Asimismo, el apoyo del entorno de\nla v\u00edctima es fundamental y que \u201clo m\u00e1s importante es el cambio en nuestra\ncultura, la sociedad no ha sido solidaria con las mujeres que han sido v\u00edctimas\nde violencia\u201d, reafirm\u00f3 la ministra Pl\u00e1. <\/p>\n\n\n\n<p>La ministra, adem\u00e1s, asegur\u00f3 que\n\u201clo que nos interesa es acercar y facilitar por todos los medios posibles la\ninformaci\u00f3n y orientaci\u00f3n a las mujeres que sean v\u00edctimas o testigos de\nexpresiones de violencia para entregar acompa\u00f1amiento a todas esas mujeres que\ntienen dudas o miedos\u201d.<\/p>\n\n\n\n<p>Para demostrar que la l\u00ednea ya se\nencontraba operativa, la ministra de la Mujer, Isabel Pl\u00e1, realiz\u00f3 un llamado\nen vivo, donde expuso frente a todos los medios de comunicaci\u00f3n, el\nfuncionamiento y protocolo de atenci\u00f3n para las mujeres v\u00edctimas de violencia.<\/p>\n\n\n\n<p>En la cita, la ministra Pl\u00e1\nrecord\u00f3 que en el a\u00f1o 2018 se recibieron m\u00e1s de 30 mil llamados de mujeres que\nbuscaban orientaci\u00f3n, estos son 3800 llamados m\u00e1s que en el 2017. Otra cifra\nrelevante que expuso fue que luego del lanzamiento de la campa\u00f1a \u201cNo Lo Dejes\nPasar\u201d, el 8 de noviembre pasado, las llamadas al n\u00famero de orientaci\u00f3n del\nMinisterio aumentaron un 82% en comparaci\u00f3n al mismo periodo del a\u00f1o anterior.<\/p>\n\n\n\n<p>En la oportunidad, la ministra\nrecord\u00f3 que este servicio telef\u00f3nico entrega orientaci\u00f3n y ayuda para mujeres\nque son v\u00edctimas de violencia, pero recalc\u00f3 que, en el caso de efectuar\ndenuncias, \u00e9stas deben realizarse en Carabineros, PDI, Fiscal\u00edas, Tribunales de\nFamilia o Tribunales de Garant\u00eda.<\/p>\n\n\n\n<p>Por su parte, la directora del\nSernameg, afirm\u00f3 que \u201cel llamado del Servicio Nacional de la Mujer y Equidad de\nG\u00e9nero es denunciar y no retractarse. Es fundamental que las mujeres sigan el\nproceso de acompa\u00f1amiento legal y sicol\u00f3gico que ofrecemos. Lo m\u00e1s importante\nes resguardar su seguridad y sus vidas\u201d.<\/p>\n\n\n\n<p>Adem\u00e1s, la secretaria de Estado\nse reuni\u00f3 con un grupo de mujeres que fueron v\u00edctimas de violencia con el\nobjetivo de conversar sobre la relevancia de prevenir, orientar y seguir\nacerc\u00e1ndose m\u00e1s a las mujeres que est\u00e1n siendo v\u00edctimas, y muchas veces no\nsaben a qui\u00e9n acudir. <\/p>\n\n\n\n<p>Es\nimportante recordar, que el antiguo fono de orientaci\u00f3n 800 104 008 continuar\u00e1\noperativo durante el periodo de adaptaci\u00f3n del nuevo n\u00famero. <\/p>\n\n\n\n<p><strong>Femicidios:<\/strong><\/p>\n\n\n\n<p><a>Durante\nel 2018, hubo 42 femicidios consumados en Chile, 13 hab\u00edan denunciado y dos\ncontaban con medidas cautelares. <\/a><\/p>\n\n\n\n<p>Seg\u00fan la subsecretar\u00eda de\nPrevenci\u00f3n del delito, desde 2005 a 2017, el n\u00famero de delitos de Violencia\nintrafamiliar (VIF) aument\u00f3 en un 33% a nivel general y en un 20% los casos\ncuyas v\u00edctimas son mujeres.<\/p>\n\n\n\n<p>En la oportunidad, la directora\ndel Servicio Nacional de la Mujer y la Equidad de G\u00e9nero, Viviana Paredes,\nexpuso sobre los 103 Centros de la Mujer, las 43 Casas de Acogida, y sobre toda\nla atenci\u00f3n que se les entrega a las mujeres que est\u00e1n siendo v\u00edctima de\nviolencia y solicitan ayuda a nuestro servicio a lo largo de todo el pa\u00eds.<\/p>\n\n\n\n<table class=\"wp-block-table\"><tbody><tr><td>\n  <strong>FEMICIDIOS\n  CONSUMADOS<\/strong>\n  <\/td><\/tr><tr><td>\n  2019 a la fecha\n  <\/td><td>\n  <strong>4<\/strong>\n  <\/td><\/tr><tr><td>\n  2018 \n  <\/td><td>\n  <strong>42<\/strong>\n  <\/td><\/tr><tr><td>\n  2017 \n  <\/td><td>\n  <strong>44<\/strong>\n  <\/td><\/tr><\/tbody><\/table>\n","protected":false},"excerpt":{"rendered":"<p>En el contexto de los cuatro femicidios ocurridos durante estos primeros d\u00edas del a\u00f1o, la ministra de la Mujer y la Equidad de G\u00e9nero, Isabel Pl\u00e1, junto a la directora&#8230; <a class=\"read-more\" href=\"https:\/\/www.radiopresidenteibanez.cl\/web\/ministra-pla-lanza-nuevo-fono-de-orientacion-para-la-violencia-contra-las-mujeres\/\">Leer m\u00e1s<\/a><\/p>\n","protected":false},"author":2,"featured_media":450,"comment_status":"closed","ping_status":"closed","sticky":false,"template":"","format":"standard","meta":{"footnotes":""},"categories":[1],"tags":[],"class_list":["post-449","post","type-post","status-publish","format-standard","has-post-thumbnail","hentry","category-cronica"],"_links":{"self":[{"href":"https:\/\/www.radiopresidenteibanez.cl\/web\/wp-json\/wp\/v2\/posts\/449","targetHints":{"allow":["GET"]}}],"collection":[{"href":"https:\/\/www.radiopresidenteibanez.cl\/web\/wp-json\/wp\/v2\/posts"}],"about":[{"href":"https:\/\/www.radiopresidenteibanez.cl\/web\/wp-json\/wp\/v2\/types\/post"}],"author":[{"embeddable":true,"href":"https:\/\/www.radiopresidenteibanez.cl\/web\/wp-json\/wp\/v2\/users\/2"}],"replies":[{"embeddable":true,"href":"https:\/\/www.radiopresidenteibanez.cl\/web\/wp-json\/wp\/v2\/comments?post=449"}],"version-history":[{"count":0,"href":"https:\/\/www.radiopresidenteibanez.cl\/web\/wp-json\/wp\/v2\/posts\/449\/revisions"}],"wp:featuredmedia":[{"embeddable":true,"href":"https:\/\/www.radiopresidenteibanez.cl\/web\/wp-json\/wp\/v2\/media\/450"}],"wp:attachment":[{"href":"https:\/\/www.radiopresidenteibanez.cl\/web\/wp-json\/wp\/v2\/media?parent=449"}],"wp:term":[{"taxonomy":"category","embeddable":true,"href":"https:\/\/www.radiopresidenteibanez.cl\/web\/wp-json\/wp\/v2\/categories?post=449"},{"taxonomy":"post_tag","embeddable":true,"href":"https:\/\/www.radiopresidenteibanez.cl\/web\/wp-json\/wp\/v2\/tags?post=449"}],"curies":[{"name":"wp","href":"https:\/\/api.w.org\/{rel}","templated":true}]}}