{"id":44869,"date":"2023-12-14T18:49:00","date_gmt":"2023-12-14T21:49:00","guid":{"rendered":"https:\/\/www.radiopresidenteibanez.cl\/web\/?p=44869"},"modified":"2023-12-14T12:26:37","modified_gmt":"2023-12-14T15:26:37","slug":"aguinaldo-de-navidad-2023-mas-de-20-mil-pensionados-seran-beneficiados","status":"publish","type":"post","link":"https:\/\/www.radiopresidenteibanez.cl\/web\/aguinaldo-de-navidad-2023-mas-de-20-mil-pensionados-seran-beneficiados\/","title":{"rendered":"AGUINALDO DE NAVIDAD 2023: MAS DE 20 MIL PENSIONADOS SERAN BENEFICIADOS"},"content":{"rendered":"\n<p>El Instituto de Previsi\u00f3n Social (IPS) Magallanes inform\u00f3<br>que a partir del pasado 1 de diciembre inici\u00f3 el pago del Aguinaldo de Navidad para pensionados y<br>pensionadas, beneficio que este a\u00f1o llegar\u00e1 a m\u00e1s de 20 mil personas en la regi\u00f3n de Magallanes,<br>quienes no deben realizar ning\u00fan tr\u00e1mite, puesto que su pago es autom\u00e1tico y viene incluido en la<br>pensi\u00f3n de este mes.<br>As\u00ed lo informaron esta ma\u00f1ana la seremi del Trabajo y Previsi\u00f3n Social de Magallanes, Doris<br>Sandoval Miranda, en conjunto con la directora (s) del IPS Magallanes, Julia Mu\u00f1oz Canales.<br>\u201cDesde el pasado 1 de diciembre est\u00e1n siendo pagados los aguinaldos para los pensionados y<br>pensionadas de la regi\u00f3n de Magallanes. Un aguinaldo que se va a cargar en su pensi\u00f3n de forma<br>autom\u00e1tica, las personas no tienen que hacer ning\u00fan tr\u00e1mite particular. Es un aguinaldo cuyo<br>monto alcanza los $26.734, al que se podr\u00eda incorporar, por cada carga acreditada al 30 de<br>noviembre, un adicional de $15.104\u201d, explic\u00f3 la autoridad.<br>\u201cQuer\u00edamos dar a conocer esta buena noticia a las pensionadas y pensionados, pero<br>fundamentalmente para se\u00f1alarles que no deben hacer ning\u00fan tr\u00e1mite y que ser\u00e1n cargadas en<br>sus pensiones en la fecha en que la reciben habitualmente, que ya desde el 1 de diciembre est\u00e1<br>sucediendo con el objetivo de que el beneficio llegue antes de las fiestas navide\u00f1as\u201d, agreg\u00f3.<br>De esta forma, el pago del aguinaldo se har\u00e1 efectivo hasta antes del 24 de diciembre, para que las<br>personas puedan cobrar previamente sus beneficios. Por ejemplo, si una persona tiene asignado<br>pago para el 4 de diciembre, ese d\u00eda se le paga su pensi\u00f3n junto con su aguinaldo. La fecha de<br>pago asignada se indica en la liquidaci\u00f3n que las personas ya recibieron en noviembre.<br>La directora regional (Sub) del IPS, Julia Mu\u00f1oz Canales, indic\u00f3 que \u201ceste a\u00f1o el Aguinaldo de<br>Navidad llegar\u00e1 a m\u00e1s de 20 mil pensionadas y pensionados de nuestra regi\u00f3n para lo cual el<br>Estado destinar\u00e1 un monto superior a los 550 millones de pesos en la entrega de esta ayuda<br>econ\u00f3mica a nuestros pensionados y sus cargas familiares\u201d.<br>\u00bfQui\u00e9nes reciben el Aguinaldo de Navidad?<br>El beneficio se paga a quienes, al 30 de noviembre de 2023, registren la calidad de pensionadas y<br>pensionados del Instituto de Previsi\u00f3n Social, lo que incluye a las personas con Pensi\u00f3n<br>Garantizada Universal (PGU); de las Cajas de Previsi\u00f3n de Dipreca y Capredena; del Instituto de<br>Seguridad Laboral (ISL) y de las Mutualidades de Empleadores de la Ley N\u00b0 16.744 de Accidentes<br>del Trabajo.<\/p>\n\n\n\n<p>Tambi\u00e9n les corresponde el aguinaldo a los pensionados del Sistema de AFP, siempre que a esa<br>fecha est\u00e9n recibiendo el beneficio de Pensi\u00f3n Garantizada Universal (PGU), Aporte Previsional<br>Solidario (APS) o pensiones m\u00ednimas con Garant\u00eda Estatal. &nbsp;Se agregan a estos grupos las personas<br>beneficiarias de Subsidio por Discapacidad Mental, F\u00edsica o Sensorial Severa (Ley N\u00b0 21.419).<br>Cada persona tiene derecho a un solo aguinaldo, aunque sea beneficiario de dos o m\u00e1s pensiones<br>o beneficios, sean estas pagadas por el IPS o por otras instituciones de seguridad social.<br>En caso de requerirse m\u00e1s informaci\u00f3n, las personas pueden consultar en los canales de atenci\u00f3n<br>de la red ChileAtiende del Instituto de Previsi\u00f3n Social: redes sociales @ChileAtiende en Facebook,<br>X (ex Twitter) e Instagram, www.ips.gob.cl, www.chileatiende.cl y Call Center 600 440 0040.<\/p>\n","protected":false},"excerpt":{"rendered":"<p>El Instituto de Previsi\u00f3n Social (IPS) Magallanes inform\u00f3que a partir del pasado 1 de diciembre inici\u00f3 el pago del Aguinaldo de Navidad para pensionados ypensionadas, beneficio que este a\u00f1o llegar\u00e1&#8230; <a class=\"read-more\" href=\"https:\/\/www.radiopresidenteibanez.cl\/web\/aguinaldo-de-navidad-2023-mas-de-20-mil-pensionados-seran-beneficiados\/\">Leer m\u00e1s<\/a><\/p>\n","protected":false},"author":2,"featured_media":44870,"comment_status":"closed","ping_status":"closed","sticky":false,"template":"","format":"standard","meta":{"footnotes":""},"categories":[1],"tags":[],"class_list":["post-44869","post","type-post","status-publish","format-standard","has-post-thumbnail","hentry","category-cronica"],"_links":{"self":[{"href":"https:\/\/www.radiopresidenteibanez.cl\/web\/wp-json\/wp\/v2\/posts\/44869","targetHints":{"allow":["GET"]}}],"collection":[{"href":"https:\/\/www.radiopresidenteibanez.cl\/web\/wp-json\/wp\/v2\/posts"}],"about":[{"href":"https:\/\/www.radiopresidenteibanez.cl\/web\/wp-json\/wp\/v2\/types\/post"}],"author":[{"embeddable":true,"href":"https:\/\/www.radiopresidenteibanez.cl\/web\/wp-json\/wp\/v2\/users\/2"}],"replies":[{"embeddable":true,"href":"https:\/\/www.radiopresidenteibanez.cl\/web\/wp-json\/wp\/v2\/comments?post=44869"}],"version-history":[{"count":0,"href":"https:\/\/www.radiopresidenteibanez.cl\/web\/wp-json\/wp\/v2\/posts\/44869\/revisions"}],"wp:featuredmedia":[{"embeddable":true,"href":"https:\/\/www.radiopresidenteibanez.cl\/web\/wp-json\/wp\/v2\/media\/44870"}],"wp:attachment":[{"href":"https:\/\/www.radiopresidenteibanez.cl\/web\/wp-json\/wp\/v2\/media?parent=44869"}],"wp:term":[{"taxonomy":"category","embeddable":true,"href":"https:\/\/www.radiopresidenteibanez.cl\/web\/wp-json\/wp\/v2\/categories?post=44869"},{"taxonomy":"post_tag","embeddable":true,"href":"https:\/\/www.radiopresidenteibanez.cl\/web\/wp-json\/wp\/v2\/tags?post=44869"}],"curies":[{"name":"wp","href":"https:\/\/api.w.org\/{rel}","templated":true}]}}