{"id":4482,"date":"2019-05-23T15:00:00","date_gmt":"2019-05-23T15:00:00","guid":{"rendered":"http:\/\/www.radiopresidenteibanez.cl\/web\/?p=4482"},"modified":"2019-05-23T15:00:25","modified_gmt":"2019-05-23T15:00:25","slug":"mas-de-30-profesionales-fueron-capacitados-sobre-herramientas-integrativas-para-el-diagnostico-familiar","status":"publish","type":"post","link":"https:\/\/www.radiopresidenteibanez.cl\/web\/mas-de-30-profesionales-fueron-capacitados-sobre-herramientas-integrativas-para-el-diagnostico-familiar\/","title":{"rendered":"M\u00c1S DE 30 PROFESIONALES FUERON CAPACITADOS SOBRE HERRAMIENTAS INTEGRATIVAS PARA EL DIAGN\u00d3STICO FAMILIAR"},"content":{"rendered":"\n<p>Con el objetivo de entregar nuevos conocimientos para la\nejecuci\u00f3n del Programa de Fortalecimiento Municipal de Chile Crece Contigo, m\u00e1s\nde 30 profesionales de la red comunal del programa fueron capacitados,\ninstancia realizada por el Municipio de Punta Arenas en conjunto con el\nministerio de Desarrollo Social.<\/p>\n\n\n\n<p>La capacitaci\u00f3n tuvo por nombre \u201cHerramientas integrativas\npara el diagn\u00f3stico socio familiar\u201d, y estuvo a cargo de la asistente social,\nPatricia Rivas, mag\u00edster en gerencia y pol\u00edticas p\u00fablicas de la Universidad de\nChile, diplomada y con post\u00edtulos en Psicoterapia sist\u00e9mica, relacional\nfamiliar y diplomada en parentalidad positiva.<\/p>\n\n\n\n<p>Entre las instituciones que integran la red comunal, se encuentran el Hospital Cl\u00ednico Magallanes; la Unidad de Infancia y Juventud de la Municipalidad de Punta Arenas; OPD Magallanes; Fundaci\u00f3n Esperanza; Hogar Ignazio Sibillo; Junji; Atenci\u00f3n al menor de la Corporaci\u00f3n Municipal; Centro de Rehabilitaci\u00f3n; Cesfam Carlos Ib\u00e1\u00f1ez; Cesfam Thomas Fenton; Cesfam Juan Damianovic; Cesfam Mateo Bencur; Integra y el Programa de Apoyo a la Retenci\u00f3n Escolar Umag.<\/p>\n\n\n\n<figure class=\"wp-block-image\"><img loading=\"lazy\" decoding=\"async\" width=\"900\" height=\"600\" src=\"https:\/\/www.radiopresidenteibanez.cl\/web\/wp-content\/uploads\/2019\/05\/IMG_1756ok.jpg\" alt=\"\" class=\"wp-image-4483\" srcset=\"https:\/\/www.radiopresidenteibanez.cl\/web\/wp-content\/uploads\/2019\/05\/IMG_1756ok.jpg 900w, https:\/\/www.radiopresidenteibanez.cl\/web\/wp-content\/uploads\/2019\/05\/IMG_1756ok-300x200.jpg 300w, https:\/\/www.radiopresidenteibanez.cl\/web\/wp-content\/uploads\/2019\/05\/IMG_1756ok-768x512.jpg 768w\" sizes=\"auto, (max-width: 900px) 100vw, 900px\" \/><\/figure>\n","protected":false},"excerpt":{"rendered":"<p>Con el objetivo de entregar nuevos conocimientos para la ejecuci\u00f3n del Programa de Fortalecimiento Municipal de Chile Crece Contigo, m\u00e1s de 30 profesionales de la red comunal del programa fueron&#8230; <a class=\"read-more\" href=\"https:\/\/www.radiopresidenteibanez.cl\/web\/mas-de-30-profesionales-fueron-capacitados-sobre-herramientas-integrativas-para-el-diagnostico-familiar\/\">Leer m\u00e1s<\/a><\/p>\n","protected":false},"author":2,"featured_media":4483,"comment_status":"closed","ping_status":"closed","sticky":false,"template":"","format":"standard","meta":{"footnotes":""},"categories":[1],"tags":[],"class_list":["post-4482","post","type-post","status-publish","format-standard","has-post-thumbnail","hentry","category-cronica"],"_links":{"self":[{"href":"https:\/\/www.radiopresidenteibanez.cl\/web\/wp-json\/wp\/v2\/posts\/4482","targetHints":{"allow":["GET"]}}],"collection":[{"href":"https:\/\/www.radiopresidenteibanez.cl\/web\/wp-json\/wp\/v2\/posts"}],"about":[{"href":"https:\/\/www.radiopresidenteibanez.cl\/web\/wp-json\/wp\/v2\/types\/post"}],"author":[{"embeddable":true,"href":"https:\/\/www.radiopresidenteibanez.cl\/web\/wp-json\/wp\/v2\/users\/2"}],"replies":[{"embeddable":true,"href":"https:\/\/www.radiopresidenteibanez.cl\/web\/wp-json\/wp\/v2\/comments?post=4482"}],"version-history":[{"count":0,"href":"https:\/\/www.radiopresidenteibanez.cl\/web\/wp-json\/wp\/v2\/posts\/4482\/revisions"}],"wp:featuredmedia":[{"embeddable":true,"href":"https:\/\/www.radiopresidenteibanez.cl\/web\/wp-json\/wp\/v2\/media\/4483"}],"wp:attachment":[{"href":"https:\/\/www.radiopresidenteibanez.cl\/web\/wp-json\/wp\/v2\/media?parent=4482"}],"wp:term":[{"taxonomy":"category","embeddable":true,"href":"https:\/\/www.radiopresidenteibanez.cl\/web\/wp-json\/wp\/v2\/categories?post=4482"},{"taxonomy":"post_tag","embeddable":true,"href":"https:\/\/www.radiopresidenteibanez.cl\/web\/wp-json\/wp\/v2\/tags?post=4482"}],"curies":[{"name":"wp","href":"https:\/\/api.w.org\/{rel}","templated":true}]}}