{"id":4479,"date":"2019-05-23T14:56:46","date_gmt":"2019-05-23T14:56:46","guid":{"rendered":"http:\/\/www.radiopresidenteibanez.cl\/web\/?p=4479"},"modified":"2019-05-23T14:57:05","modified_gmt":"2019-05-23T14:57:05","slug":"incorporar-informacion-de-grupo-de-sangre-en-nuevas-cedulas-de-identidad-contempla-proyecto-del-senador-carlos-bianchi","status":"publish","type":"post","link":"https:\/\/www.radiopresidenteibanez.cl\/web\/incorporar-informacion-de-grupo-de-sangre-en-nuevas-cedulas-de-identidad-contempla-proyecto-del-senador-carlos-bianchi\/","title":{"rendered":"INCORPORAR INFORMACI\u00d3N DE GRUPO DE SANGRE EN NUEVAS C\u00c9DULAS DE IDENTIDAD CONTEMPLA PROYECTO DEL SENADOR CARLOS BIANCHI"},"content":{"rendered":"\n<p>Con la finalidad de\nincorporar el grupo sangu\u00edneo de cada persona en su respectiva C\u00e9dula de\nidentidad, de forma voluntaria, el senador Carlos Bianchi anunci\u00f3 la presentaci\u00f3n\nde un proyecto de ley para crear el registro de grupo de sangre. Lo anterior con\nla finalidad que las personas que as\u00ed lo estimen puedan incorporar la\ninformaci\u00f3n de su grupo de sangre en su carn\u00e9 de identidad.<\/p>\n\n\n\n<p>Para lo anterior, el\nsenador de Magallanes, se reuni\u00f3 con el director nacional del Registro Civil e\nIdentificaci\u00f3n, Jorge \u00c1lvarez, quien coincidi\u00f3 con el legislador en que resulta\nmuy importante incorporar esa informaci\u00f3n en la c\u00e9dula de identidad, en\nparticular en casos de accidentes donde la atenci\u00f3n m\u00e9dica requiera esa\ninformaci\u00f3n.<\/p>\n\n\n\n<p>Al respecto \u00c1lvarez declar\u00f3\nque \u201cAqu\u00ed veo como la ciudadan\u00eda a trav\u00e9s del senador tiene requerimientos\nimportantes para la c\u00e9dula de identidad como es este proyecto de ley, esta\nmoci\u00f3n que se pretende presentar acerca del grupo sangu\u00edneo\u2026El registro civil\nest\u00e1 llano y disponible para recibir esta demanda de la ciudadan\u00eda y del\nlegislativo, nosotros vamos a apoyarlo justo estamos en la nueva licitaci\u00f3n y\nestas ideas que pueden ser muy importantes incluso puede depender de la vida y\nla muerte de nuestros ciudadanos, por eso nos parecen muy importante y la\napoyamos para incorporarla en la nueva licitaci\u00f3n.\u201d <\/p>\n\n\n\n<p>Al respecto las\nautoridades coincidieron que un paso previo es coordinar con el Ministerio de\nSalud acceder a la informaci\u00f3n que ya posee dicho ministerio respecto al\nregistro de grupo sangu\u00edneos y para ello se contempla en los pr\u00f3ximos d\u00edas\nconcretar encuentros de trabajo con las autoridades de Salud, instancia que ya cuenta\ncon un registro legal que se toma a cada reci\u00e9n nacido.<\/p>\n\n\n\n<p>El senador Bianchi agradeci\u00f3\ny valor\u00f3 la disposici\u00f3n del director del registro civil en particular allanarse\na que \u201cpara la licitaci\u00f3n del a\u00f1o 2021 poder incorporar en el carn\u00e9 de\nidentidad el grupo sangu\u00edneo de manera absolutamente voluntario, lo que tenemos\nque hacer ahora es juntarnos con el ministro de salud para ver de qu\u00e9 forma se\npuede acceder por parte del registro civil a la informaci\u00f3n y as\u00ed en la medida\nque las personas lo pidan puedan incorporar el grupo sangu\u00edneo en su documento\nde identificaci\u00f3n.\u201d<\/p>\n\n\n\n<p>Por lo anterior Bianchi\ndijo que \u201cFue una reuni\u00f3n tremendamente productiva y provechosa y vamos a\navanzar de tal suerte que cuando exista ahora al 2021 la licitaci\u00f3n pueda\nentonces incorporarse este nuevo dato en la c\u00e9dula de identidad.\u201d<\/p>\n\n\n\n<p>Finalmente, el senador Carlos Bianchi resalt\u00f3 que esta iniciativa fue recogida a trav\u00e9s de diversas sugerencias, pero en particular una recibida en Puerto Natales donde se le plante\u00f3 llevar esta acci\u00f3n a un proyecto de ley el cual ser\u00e1 sometido a tramitaci\u00f3n tras las correspondientes formalidades.<\/p>\n\n\n\n<figure class=\"wp-block-image\"><img loading=\"lazy\" decoding=\"async\" width=\"1024\" height=\"524\" src=\"https:\/\/www.radiopresidenteibanez.cl\/web\/wp-content\/uploads\/2019\/05\/Sen-Bianchi-Dir-Reg-Civil-1024x524.jpg\" alt=\"\" class=\"wp-image-4480\" srcset=\"https:\/\/www.radiopresidenteibanez.cl\/web\/wp-content\/uploads\/2019\/05\/Sen-Bianchi-Dir-Reg-Civil-1024x524.jpg 1024w, https:\/\/www.radiopresidenteibanez.cl\/web\/wp-content\/uploads\/2019\/05\/Sen-Bianchi-Dir-Reg-Civil-300x153.jpg 300w, https:\/\/www.radiopresidenteibanez.cl\/web\/wp-content\/uploads\/2019\/05\/Sen-Bianchi-Dir-Reg-Civil-768x393.jpg 768w, https:\/\/www.radiopresidenteibanez.cl\/web\/wp-content\/uploads\/2019\/05\/Sen-Bianchi-Dir-Reg-Civil.jpg 1422w\" sizes=\"auto, (max-width: 1024px) 100vw, 1024px\" \/><\/figure>\n","protected":false},"excerpt":{"rendered":"<p>Con la finalidad de incorporar el grupo sangu\u00edneo de cada persona en su respectiva C\u00e9dula de identidad, de forma voluntaria, el senador Carlos Bianchi anunci\u00f3 la presentaci\u00f3n de un proyecto&#8230; <a class=\"read-more\" href=\"https:\/\/www.radiopresidenteibanez.cl\/web\/incorporar-informacion-de-grupo-de-sangre-en-nuevas-cedulas-de-identidad-contempla-proyecto-del-senador-carlos-bianchi\/\">Leer m\u00e1s<\/a><\/p>\n","protected":false},"author":2,"featured_media":4480,"comment_status":"closed","ping_status":"closed","sticky":false,"template":"","format":"standard","meta":{"footnotes":""},"categories":[1],"tags":[],"class_list":["post-4479","post","type-post","status-publish","format-standard","has-post-thumbnail","hentry","category-cronica"],"_links":{"self":[{"href":"https:\/\/www.radiopresidenteibanez.cl\/web\/wp-json\/wp\/v2\/posts\/4479","targetHints":{"allow":["GET"]}}],"collection":[{"href":"https:\/\/www.radiopresidenteibanez.cl\/web\/wp-json\/wp\/v2\/posts"}],"about":[{"href":"https:\/\/www.radiopresidenteibanez.cl\/web\/wp-json\/wp\/v2\/types\/post"}],"author":[{"embeddable":true,"href":"https:\/\/www.radiopresidenteibanez.cl\/web\/wp-json\/wp\/v2\/users\/2"}],"replies":[{"embeddable":true,"href":"https:\/\/www.radiopresidenteibanez.cl\/web\/wp-json\/wp\/v2\/comments?post=4479"}],"version-history":[{"count":0,"href":"https:\/\/www.radiopresidenteibanez.cl\/web\/wp-json\/wp\/v2\/posts\/4479\/revisions"}],"wp:featuredmedia":[{"embeddable":true,"href":"https:\/\/www.radiopresidenteibanez.cl\/web\/wp-json\/wp\/v2\/media\/4480"}],"wp:attachment":[{"href":"https:\/\/www.radiopresidenteibanez.cl\/web\/wp-json\/wp\/v2\/media?parent=4479"}],"wp:term":[{"taxonomy":"category","embeddable":true,"href":"https:\/\/www.radiopresidenteibanez.cl\/web\/wp-json\/wp\/v2\/categories?post=4479"},{"taxonomy":"post_tag","embeddable":true,"href":"https:\/\/www.radiopresidenteibanez.cl\/web\/wp-json\/wp\/v2\/tags?post=4479"}],"curies":[{"name":"wp","href":"https:\/\/api.w.org\/{rel}","templated":true}]}}