{"id":4476,"date":"2019-05-23T14:52:56","date_gmt":"2019-05-23T14:52:56","guid":{"rendered":"http:\/\/www.radiopresidenteibanez.cl\/web\/?p=4476"},"modified":"2019-05-23T14:53:11","modified_gmt":"2019-05-23T14:53:11","slug":"el-paratenis-de-mesa-le-dio-nuevas-medallas-a-magallanes-en-los-juegos-nacionales-y-paranacionales","status":"publish","type":"post","link":"https:\/\/www.radiopresidenteibanez.cl\/web\/el-paratenis-de-mesa-le-dio-nuevas-medallas-a-magallanes-en-los-juegos-nacionales-y-paranacionales\/","title":{"rendered":"EL PARATENIS DE MESA LE DIO NUEVAS MEDALLAS A MAGALLANES EN LOS JUEGOS NACIONALES Y PARANACIONALES"},"content":{"rendered":"\n<p>La regi\u00f3n de Magallanes sigue cosechando buenos resultados\nen los Juegos Nacionales y Paranacionales y ahora el paratenis de mesa se encarg\u00f3\nde entregar nuevas medallas, luego de terminar con cuatro preseas su\nparticipaci\u00f3n en el megaevento deportivo que re\u00fane a los mejores de las 16\nregiones del pa\u00eds. <\/p>\n\n\n\n<p>Luego de la gran actuaci\u00f3n del judo, quienes consiguieron\ndiez medallas, y la plata obtenida por Alexis Araya en los 5000 metros planos\nen los Juegos Nacionales, Magallanes inici\u00f3 este martes su participaci\u00f3n en los\nJuegos Paranacionales y lo hizo de gran forma gracias al paratenis de mesa,\ndisciplina que sum\u00f3 un oro, una plata y dos bronces. <\/p>\n\n\n\n<p>En el primer d\u00eda de competencia en el Polideportivo del\nEstadio Nacional, en Santiago, la delegaci\u00f3n magall\u00e1nica sum\u00f3 dos medallas a\nnivel individual, una de ellas de oro con el triunfo de Cristian Dettoni en\nclase 6. Gustavo C\u00e1rdenas, por su parte, se qued\u00f3 con el bronce en clase 7. <\/p>\n\n\n\n<p>El mi\u00e9rcoles, en tanto, fue el turno de competir a nivel de\nequipos y Magallanes volvi\u00f3 a responder, qued\u00e1ndose con una medalla de plata tras\nel segundo lugar de Cristian Dettoni y Gustavo C\u00e1rdenas , en clase 6 a 8, y una\nde bronce gracias a la tercera ubicaci\u00f3n del cuadro conformado por Branco\nS\u00e1nchez, Daniel Covarrubias, Nicol\u00e1s Mayorga y Octavio Leal, en clase 11.<\/p>\n\n\n\n<p>\u201cLos logros a nivel paral\u00edmpico nos ponen muy contentos y,\ntal como sucedi\u00f3 en la ParaAraucan\u00eda con las medallas conseguidas y como lo han\nmanifestado los mismos deportistas, sirven para difundir el deporte para\npersonas en situaci\u00f3n de discapacidad, para que cada vez sean m\u00e1s los que se\nsumen a la actividad f\u00edsica\u201d, dijo la Seremi del Deporte, Odette Callahan.&nbsp; <\/p>\n\n\n\n<p>Adem\u00e1s, tambi\u00e9n en la jornada de este mi\u00e9rcoles, el taekwondo tuvo su primer d\u00eda de competencia en los Juegos Nacionales con resultados que no les permitieron obtener medallas. Para el jueves, Magallanes comenzar\u00e1 a competir en el paraatletismo y el balonmano. <\/p>\n\n\n\n<figure class=\"wp-block-image\"><img loading=\"lazy\" decoding=\"async\" width=\"1024\" height=\"768\" src=\"https:\/\/www.radiopresidenteibanez.cl\/web\/wp-content\/uploads\/2019\/05\/Delegaci\u00f3n-paratenis-de-mesa-1024x768.jpeg\" alt=\"\" class=\"wp-image-4477\" srcset=\"https:\/\/www.radiopresidenteibanez.cl\/web\/wp-content\/uploads\/2019\/05\/Delegaci\u00f3n-paratenis-de-mesa-1024x768.jpeg 1024w, https:\/\/www.radiopresidenteibanez.cl\/web\/wp-content\/uploads\/2019\/05\/Delegaci\u00f3n-paratenis-de-mesa-300x225.jpeg 300w, https:\/\/www.radiopresidenteibanez.cl\/web\/wp-content\/uploads\/2019\/05\/Delegaci\u00f3n-paratenis-de-mesa-768x576.jpeg 768w, https:\/\/www.radiopresidenteibanez.cl\/web\/wp-content\/uploads\/2019\/05\/Delegaci\u00f3n-paratenis-de-mesa.jpeg 1280w\" sizes=\"auto, (max-width: 1024px) 100vw, 1024px\" \/><\/figure>\n","protected":false},"excerpt":{"rendered":"<p>La regi\u00f3n de Magallanes sigue cosechando buenos resultados en los Juegos Nacionales y Paranacionales y ahora el paratenis de mesa se encarg\u00f3 de entregar nuevas medallas, luego de terminar con&#8230; <a class=\"read-more\" href=\"https:\/\/www.radiopresidenteibanez.cl\/web\/el-paratenis-de-mesa-le-dio-nuevas-medallas-a-magallanes-en-los-juegos-nacionales-y-paranacionales\/\">Leer m\u00e1s<\/a><\/p>\n","protected":false},"author":2,"featured_media":4477,"comment_status":"closed","ping_status":"closed","sticky":false,"template":"","format":"standard","meta":{"footnotes":""},"categories":[1],"tags":[],"class_list":["post-4476","post","type-post","status-publish","format-standard","has-post-thumbnail","hentry","category-cronica"],"_links":{"self":[{"href":"https:\/\/www.radiopresidenteibanez.cl\/web\/wp-json\/wp\/v2\/posts\/4476","targetHints":{"allow":["GET"]}}],"collection":[{"href":"https:\/\/www.radiopresidenteibanez.cl\/web\/wp-json\/wp\/v2\/posts"}],"about":[{"href":"https:\/\/www.radiopresidenteibanez.cl\/web\/wp-json\/wp\/v2\/types\/post"}],"author":[{"embeddable":true,"href":"https:\/\/www.radiopresidenteibanez.cl\/web\/wp-json\/wp\/v2\/users\/2"}],"replies":[{"embeddable":true,"href":"https:\/\/www.radiopresidenteibanez.cl\/web\/wp-json\/wp\/v2\/comments?post=4476"}],"version-history":[{"count":0,"href":"https:\/\/www.radiopresidenteibanez.cl\/web\/wp-json\/wp\/v2\/posts\/4476\/revisions"}],"wp:featuredmedia":[{"embeddable":true,"href":"https:\/\/www.radiopresidenteibanez.cl\/web\/wp-json\/wp\/v2\/media\/4477"}],"wp:attachment":[{"href":"https:\/\/www.radiopresidenteibanez.cl\/web\/wp-json\/wp\/v2\/media?parent=4476"}],"wp:term":[{"taxonomy":"category","embeddable":true,"href":"https:\/\/www.radiopresidenteibanez.cl\/web\/wp-json\/wp\/v2\/categories?post=4476"},{"taxonomy":"post_tag","embeddable":true,"href":"https:\/\/www.radiopresidenteibanez.cl\/web\/wp-json\/wp\/v2\/tags?post=4476"}],"curies":[{"name":"wp","href":"https:\/\/api.w.org\/{rel}","templated":true}]}}