{"id":44755,"date":"2023-12-11T15:13:00","date_gmt":"2023-12-11T18:13:00","guid":{"rendered":"https:\/\/www.radiopresidenteibanez.cl\/web\/?p=44755"},"modified":"2023-12-11T11:45:09","modified_gmt":"2023-12-11T14:45:09","slug":"actividad-apoya-mujer-migrante-del-servicio-nacional-de-migraciones","status":"publish","type":"post","link":"https:\/\/www.radiopresidenteibanez.cl\/web\/actividad-apoya-mujer-migrante-del-servicio-nacional-de-migraciones\/","title":{"rendered":"Actividad \u201cApoya Mujer Migrante\u201d del Servicio Nacional de Migraciones"},"content":{"rendered":"\n<p>El Servicio Nacional de Migraciones llev\u00f3 a cabo la actividad \u201cApoya Mujer Migrante\u201d. Esta iniciativa, enfocada en reducir la brecha de acceso a informaci\u00f3n para mujeres extranjeras en la regi\u00f3n, tuvo como objetivo principal facilitar el acercamiento de estas mujeres a las instituciones del Estado, fomentando as\u00ed su inclusi\u00f3n en nuestra sociedad.<br>En cifras oficiales, la \u00faltima estimaci\u00f3n de poblaci\u00f3n extranjera residente a diciembre de<br>2021 se\u00f1ala que, en la regi\u00f3n de Magallanes y de la Ant\u00e1rtica Chilena, la presencia de<br>mujeres migrantes es significativa y creciente. Al cierre de 2021, resid\u00edan 9.956 extranjeros,<br>y las mujeres conforman la mayor\u00eda de esta poblaci\u00f3n (INE y Sermig, 2022). Estos datos<br>subrayan la importancia de iniciativas como \u201cApoya Mujer Migrante\u201d liderada por el<br>Servicio Nacional de Migraciones.<br>M\u00e1s de 30 mujeres migrantes de diferentes nacionalidades, independientemente de su<br>situaci\u00f3n migratoria o tiempo de residencia en el pa\u00eds, participaron de esta actividad. La<br>jornada estuvo estructurada en cuatro talleres informativos. El primero, conducido por la<br>Direcci\u00f3n del Trabajo, se enfoc\u00f3 en Derecho individual del Trabajo, Acoso laboral y sexual.<br>Luego, el Servicio de la Mujer y la Equidad de G\u00e9nero, SernamEG, brind\u00f3 un taller sobre los<br>servicios y oferta disponible para las mujeres migrantes. Luego, PRODEMU entreg\u00f3 los<br>Programas de apoyo a Mujeres para el Fortalecimiento de la autonom\u00eda Econ\u00f3mica en<br>Magallanes a cargo de su directora Ingrid \u00c1lvarez Jim\u00e9nez, y se finaliz\u00f3 con los Permisos de<br>Residencia Humanitaria, exposici\u00f3n a cargo de la directora de SERVICIO MIGRACIONES<br>Vesna Mladinic Draguicevic.<br>La realizaci\u00f3n de estos talleres surge en respuesta a la circulaci\u00f3n de informaci\u00f3n err\u00f3nea<br>o sesgada entre las mujeres migrantes, lo que incrementa su vulnerabilidad. El objetivo es<br>cerrar esta brecha informativa, proporcionando acceso a informaci\u00f3n fiables y \u00fatiles.<br>La alta participaci\u00f3n y el entusiasmo demostrado por las asistentes enfatizan la importancia<br>de estas iniciativas y la necesidad urgente de seguir desarroll\u00e1ndolas. La directora del<br>Servicio de Migraciones destac\u00f3 la relevancia de estas actividades para el futuro,<br>reafirmando el compromiso de la instituci\u00f3n con el apoyo y la inclusi\u00f3n de las mujeres<br>migrantes en la sociedad.<\/p>\n","protected":false},"excerpt":{"rendered":"<p>El Servicio Nacional de Migraciones llev\u00f3 a cabo la actividad \u201cApoya Mujer Migrante\u201d. Esta iniciativa, enfocada en reducir la brecha de acceso a informaci\u00f3n para mujeres extranjeras en la regi\u00f3n,&#8230; <a class=\"read-more\" href=\"https:\/\/www.radiopresidenteibanez.cl\/web\/actividad-apoya-mujer-migrante-del-servicio-nacional-de-migraciones\/\">Leer m\u00e1s<\/a><\/p>\n","protected":false},"author":2,"featured_media":44756,"comment_status":"closed","ping_status":"closed","sticky":false,"template":"","format":"standard","meta":{"footnotes":""},"categories":[1],"tags":[],"class_list":["post-44755","post","type-post","status-publish","format-standard","has-post-thumbnail","hentry","category-cronica"],"_links":{"self":[{"href":"https:\/\/www.radiopresidenteibanez.cl\/web\/wp-json\/wp\/v2\/posts\/44755","targetHints":{"allow":["GET"]}}],"collection":[{"href":"https:\/\/www.radiopresidenteibanez.cl\/web\/wp-json\/wp\/v2\/posts"}],"about":[{"href":"https:\/\/www.radiopresidenteibanez.cl\/web\/wp-json\/wp\/v2\/types\/post"}],"author":[{"embeddable":true,"href":"https:\/\/www.radiopresidenteibanez.cl\/web\/wp-json\/wp\/v2\/users\/2"}],"replies":[{"embeddable":true,"href":"https:\/\/www.radiopresidenteibanez.cl\/web\/wp-json\/wp\/v2\/comments?post=44755"}],"version-history":[{"count":0,"href":"https:\/\/www.radiopresidenteibanez.cl\/web\/wp-json\/wp\/v2\/posts\/44755\/revisions"}],"wp:featuredmedia":[{"embeddable":true,"href":"https:\/\/www.radiopresidenteibanez.cl\/web\/wp-json\/wp\/v2\/media\/44756"}],"wp:attachment":[{"href":"https:\/\/www.radiopresidenteibanez.cl\/web\/wp-json\/wp\/v2\/media?parent=44755"}],"wp:term":[{"taxonomy":"category","embeddable":true,"href":"https:\/\/www.radiopresidenteibanez.cl\/web\/wp-json\/wp\/v2\/categories?post=44755"},{"taxonomy":"post_tag","embeddable":true,"href":"https:\/\/www.radiopresidenteibanez.cl\/web\/wp-json\/wp\/v2\/tags?post=44755"}],"curies":[{"name":"wp","href":"https:\/\/api.w.org\/{rel}","templated":true}]}}