{"id":44738,"date":"2023-12-11T09:20:00","date_gmt":"2023-12-11T12:20:00","guid":{"rendered":"https:\/\/www.radiopresidenteibanez.cl\/web\/?p=44738"},"modified":"2023-12-11T08:24:23","modified_gmt":"2023-12-11T11:24:23","slug":"diran-que-paso-de-moda-la-locura-diran-que-la-gente-es-mala-y-no-merece-mas-yo-partire-sonando-travesuras-acaso-multiplicar-panes-y-peces-canta-silvio-rodriguez","status":"publish","type":"post","link":"https:\/\/www.radiopresidenteibanez.cl\/web\/diran-que-paso-de-moda-la-locura-diran-que-la-gente-es-mala-y-no-merece-mas-yo-partire-sonando-travesuras-acaso-multiplicar-panes-y-peces-canta-silvio-rodriguez\/","title":{"rendered":"\u00ab..Dir\u00e1n que pas\u00f3 de moda la locura dir\u00e1n que la gente es mala y no merece m\u00e1s, yo partir\u00e9 so\u00f1ando travesuras acaso multiplicar panes y peces..\u00bb canta Silvio Rodriguez"},"content":{"rendered":"\n<p>A las 2 de ma\u00f1ana del 10 de diciembre de 2023 su cuerpo dijo basta.<br>El dolor nos embarga cuando nos vemos en la obligaci\u00f3n de contarles que nuestra querida compa\u00f1era Rosa Miriam Hueraleo Vega, presidenta del sindicato N\u00ba1 de trabajadores de INTEGRA, ha fallecido.<br>Faltan las palabras para graficar el dolor que sentimos todos los que compartimos ideales con ella. Y es que no hablamos de una estrella fugaz que aparece en el horizonte y se pierde prontamente. Rendimos tributo a alguien que abraz\u00f3 la causa en la que estamos embarcados y jam\u00e1s dio pie atr\u00e1s ni claudic\u00f3, pese a todas las dificultades y problemas que se le presentaron en el camino.<br>Por cierto Rosa no estuvo sola, cont\u00f3 con el apoyo de cada una de quienes fueron sus compa\u00f1eras en los directorios sindicales que tuvo el honor de presidir. Fiel y leal heredera del accionar de Zoila Caro y Filomena Retamal, que la antecedieron en el cargo, supo mantener firme la manija e imponer un ritmo a veces fren\u00e9tico de lucha reivindicativa, sin jam\u00e1s bajar los brazos ni arriar banderas.<br>Supo ser unitaria y consecuente, dijo las cosas como deben decirse, mirando de frente y sin usar eufemismos y cuando las resoluciones estaban tomadas, encabez\u00f3 marchas y movilizaciones en la calle y en jardines infantiles, apoyada por miles que vieron en su sindicato una ense\u00f1a digna de seguir y honrar.<br>En la Fundaci\u00f3n Integra hay otros sindicatos y con todos habl\u00f3 cuando fue necesario. Fue leal y honesta y la quisieron por ello &#8211; m\u00e1s all\u00e1 de las naturales y justas diferencias que pudieron existir &#8211; y es que pluralidad, tolerancia y comprensi\u00f3n fueron herramientas que nunca dej\u00f3 de lado. La teor\u00eda y la pr\u00e1ctica se hicieron una en el trabajo de Rosa Hueraleo y nos enorgullece haber sido part\u00edcipes de aquello. Somos muchos los que trabajaremos con fuerzas para que estas ense\u00f1anzas no se pierdan.<\/p>\n\n\n\n<p>2.- M\u00e1s de una vez conversamos sobre la vida y la trascendencia. Su profunda fe y confianza en Dios no fue un freno sino, por el contrario, sirvi\u00f3 para llegar a todos. Ten\u00eda muy claro que el abuso no diferencia iglesias, ni partidos pol\u00edticos, ni movimientos de todo tipo, es abuso no m\u00e1s y se le combate con todas las fuerzas, cuesti\u00f3n que siempre aplic\u00f3 y difundi\u00f3 entre sus compa\u00f1eras y dirigentes de otros sindicatos.<br>Est\u00e1bamos destinados a construir y escribir historia, la historia de los nuestros, y ella lo ten\u00eda muy claro. Lo plasmamos en un primer libro que cuenta la historia del sindicato. Se hizo carne esa historia en cada volante, informativo, bandera y lienzo del Sindicato 1 de Integra, que mostraron orgullosas.<br>Fueron capaces de dar un sello a su gesti\u00f3n y eso es algo que las que vienen est\u00e1n juramentadas a mantener y profundizar.<br>Nos deja una imprescindible. Delegada, secretaria y presidenta de su sindicato, consejera nacional de la CGT en alg\u00fan periodo y, por sobre todo, una gran compa\u00f1era que seguir\u00e1 junto a nosotros por siempre, porque a fin de cuentas y para que quede claro, Rosa Hueraleo Vega es de esas personas &#8211; hombres y mujeres clasistas y consecuentes &#8211; que nunca mueren.<br>A despedirla pues se lo merece, a llorarla por que a los que se la jugaron siempre se les llora en la partida, pero tambi\u00e9n a tomar sus banderas y seguir adelante, pues la lucha no tiene para cuando terminar y ella siempre lo tuvo claro.<br>Solo nos queda seguir su ejemplo.<\/p>\n","protected":false},"excerpt":{"rendered":"<p>A las 2 de ma\u00f1ana del 10 de diciembre de 2023 su cuerpo dijo basta.El dolor nos embarga cuando nos vemos en la obligaci\u00f3n de contarles que nuestra querida compa\u00f1era&#8230; <a class=\"read-more\" href=\"https:\/\/www.radiopresidenteibanez.cl\/web\/diran-que-paso-de-moda-la-locura-diran-que-la-gente-es-mala-y-no-merece-mas-yo-partire-sonando-travesuras-acaso-multiplicar-panes-y-peces-canta-silvio-rodriguez\/\">Leer m\u00e1s<\/a><\/p>\n","protected":false},"author":2,"featured_media":44739,"comment_status":"closed","ping_status":"closed","sticky":false,"template":"","format":"standard","meta":{"footnotes":""},"categories":[1],"tags":[],"class_list":["post-44738","post","type-post","status-publish","format-standard","has-post-thumbnail","hentry","category-cronica"],"_links":{"self":[{"href":"https:\/\/www.radiopresidenteibanez.cl\/web\/wp-json\/wp\/v2\/posts\/44738","targetHints":{"allow":["GET"]}}],"collection":[{"href":"https:\/\/www.radiopresidenteibanez.cl\/web\/wp-json\/wp\/v2\/posts"}],"about":[{"href":"https:\/\/www.radiopresidenteibanez.cl\/web\/wp-json\/wp\/v2\/types\/post"}],"author":[{"embeddable":true,"href":"https:\/\/www.radiopresidenteibanez.cl\/web\/wp-json\/wp\/v2\/users\/2"}],"replies":[{"embeddable":true,"href":"https:\/\/www.radiopresidenteibanez.cl\/web\/wp-json\/wp\/v2\/comments?post=44738"}],"version-history":[{"count":0,"href":"https:\/\/www.radiopresidenteibanez.cl\/web\/wp-json\/wp\/v2\/posts\/44738\/revisions"}],"wp:featuredmedia":[{"embeddable":true,"href":"https:\/\/www.radiopresidenteibanez.cl\/web\/wp-json\/wp\/v2\/media\/44739"}],"wp:attachment":[{"href":"https:\/\/www.radiopresidenteibanez.cl\/web\/wp-json\/wp\/v2\/media?parent=44738"}],"wp:term":[{"taxonomy":"category","embeddable":true,"href":"https:\/\/www.radiopresidenteibanez.cl\/web\/wp-json\/wp\/v2\/categories?post=44738"},{"taxonomy":"post_tag","embeddable":true,"href":"https:\/\/www.radiopresidenteibanez.cl\/web\/wp-json\/wp\/v2\/tags?post=44738"}],"curies":[{"name":"wp","href":"https:\/\/api.w.org\/{rel}","templated":true}]}}