{"id":4473,"date":"2019-05-23T14:48:54","date_gmt":"2019-05-23T14:48:54","guid":{"rendered":"http:\/\/www.radiopresidenteibanez.cl\/web\/?p=4473"},"modified":"2019-05-23T14:49:29","modified_gmt":"2019-05-23T14:49:29","slug":"se-extendio-plazo-para-capacitaciones-en-prevencion-del-vih-para-directores-profesores-y-asistentes","status":"publish","type":"post","link":"https:\/\/www.radiopresidenteibanez.cl\/web\/se-extendio-plazo-para-capacitaciones-en-prevencion-del-vih-para-directores-profesores-y-asistentes\/","title":{"rendered":"SE EXTENDI\u00d3 PLAZO PARA CAPACITACIONES EN PREVENCI\u00d3N DEL VIH PARA DIRECTORES, PROFESORES Y ASISTENTES"},"content":{"rendered":"\n<p>\u00bfC\u00f3mo concientizar sobre la prevenci\u00f3n del VIH y las enfermedades de transmisi\u00f3n sexual al interior del aula? Esta es una de las preguntas que se busca responder en el nuevo curso dirigido a miembros de la comunidad educativa que lanz\u00f3 el Ministerio de Salud y el Centro de Perfeccionamiento, Experimentaci\u00f3n e Investigaciones Pedag\u00f3gicas (CPEIP) del Ministerio de Educaci\u00f3n.<\/p>\n\n\n\n<p>El curso, que se impartir\u00e1 de forma digital y gratuita, est\u00e1 dirigido a directivos, docentes y asistentes de la educaci\u00f3n que se desempe\u00f1an de 5\u00b0 b\u00e1sico a IV\u00b0 medio de establecimientos p\u00fablicos y particular subvencionados, de manera de poder abordar este tema al interior de la sala de clases. Especialmente, si se considera que en los \u00faltimos a\u00f1os han aumentado significativamente los casos de contagio del virus VIH en el pa\u00eds, por lo que se requiere de trabajo colaborativo y equipos interdisciplinarios para enfrentar esta problem\u00e1tica en la educaci\u00f3n escolar.<\/p>\n\n\n\n<p>\u201cNuestro objetivo consiste en promover el aprendizaje profesional a trav\u00e9s de acciones formativas que respondan a las necesidades que los docentes experimentan al interior de la sala de clases. El aumento de casos relacionados a enfermedades de transmisi\u00f3n sexual hace que se vuelva necesario que los profesores cuenten con los conocimientos pertinentes para orientar a sus estudiantes y puedan convertirse en un actor social de relevancia en la difusi\u00f3n de informaci\u00f3n y prevenci\u00f3n\u201d, coment\u00f3 la directora del CPEIP, Francisca D\u00edaz.&nbsp;<\/p>\n\n\n\n<p>Por su parte, la Seremi de Educaci\u00f3n de Magallanes, llam\u00f3 a los docentes, directivos y asistentes de la educaci\u00f3n de Magallanes a participar. \u201cSon m\u00e1s de 5 mil cupos los que el Gobierno ha dispuesto para adquirir conocimientos sobre m\u00e9todos preventivos, v\u00edas de transmisi\u00f3n, factores de riesgo, diagn\u00f3stico, atenci\u00f3n y tratamiento, entre otras tem\u00e1ticas, para luego abordarlas en la sala de clases apoyado por las orientaciones pedag\u00f3gicas pr\u00e1cticas que recibir\u00e1n una vez finalizado el curso\u201d.<\/p>\n\n\n\n<p>Finalmente, Paula Daza, Subsecretaria de Salud p\u00fablica, recalc\u00f3 tambi\u00e9n que \u201cEstos cursos son claves para la prevenci\u00f3n de enfermedades de transmisi\u00f3n sexual, pero adem\u00e1s tiene un componente m\u00e1s relevante: queremos que sirvan para que empecemos a hablar al interior de la comunidad escolar de lo que significa tener sexo seguro\u201d.<\/p>\n\n\n\n<p><strong>\u00bfC\u00f3mo postular?<\/strong><\/p>\n\n\n\n<p>Los docentes interesados en inscribirse pueden hacerlo a trav\u00e9s de la web\u00a0<a rel=\"noreferrer noopener\" href=\"https:\/\/catalogo.cpeip.cl\/programas\/enfrentando-el-vih-sida-y-las-its-una-tarea-de-todos\/\" target=\"_blank\">catalogo.cpeip.cl.<\/a>\u00a0En este sitio adem\u00e1s encontrar\u00e1n informaci\u00f3n sobre los contenidos formativos, criterios de aprobaci\u00f3n, evaluaci\u00f3n y extensi\u00f3n. El plazo de la convocatoria estar\u00e1 abierto hasta el pr\u00f3ximo 31 de mayo.<\/p>\n\n\n\n<figure class=\"wp-block-image\"><img loading=\"lazy\" decoding=\"async\" width=\"650\" height=\"354\" src=\"https:\/\/www.radiopresidenteibanez.cl\/web\/wp-content\/uploads\/2019\/05\/cpeip.jpg\" alt=\"\" class=\"wp-image-4474\" srcset=\"https:\/\/www.radiopresidenteibanez.cl\/web\/wp-content\/uploads\/2019\/05\/cpeip.jpg 650w, https:\/\/www.radiopresidenteibanez.cl\/web\/wp-content\/uploads\/2019\/05\/cpeip-300x163.jpg 300w\" sizes=\"auto, (max-width: 650px) 100vw, 650px\" \/><\/figure>\n","protected":false},"excerpt":{"rendered":"<p>\u00bfC\u00f3mo concientizar sobre la prevenci\u00f3n del VIH y las enfermedades de transmisi\u00f3n sexual al interior del aula? Esta es una de las preguntas que se busca responder en el nuevo&#8230; <a class=\"read-more\" href=\"https:\/\/www.radiopresidenteibanez.cl\/web\/se-extendio-plazo-para-capacitaciones-en-prevencion-del-vih-para-directores-profesores-y-asistentes\/\">Leer m\u00e1s<\/a><\/p>\n","protected":false},"author":2,"featured_media":4474,"comment_status":"closed","ping_status":"closed","sticky":false,"template":"","format":"standard","meta":{"footnotes":""},"categories":[1],"tags":[],"class_list":["post-4473","post","type-post","status-publish","format-standard","has-post-thumbnail","hentry","category-cronica"],"_links":{"self":[{"href":"https:\/\/www.radiopresidenteibanez.cl\/web\/wp-json\/wp\/v2\/posts\/4473","targetHints":{"allow":["GET"]}}],"collection":[{"href":"https:\/\/www.radiopresidenteibanez.cl\/web\/wp-json\/wp\/v2\/posts"}],"about":[{"href":"https:\/\/www.radiopresidenteibanez.cl\/web\/wp-json\/wp\/v2\/types\/post"}],"author":[{"embeddable":true,"href":"https:\/\/www.radiopresidenteibanez.cl\/web\/wp-json\/wp\/v2\/users\/2"}],"replies":[{"embeddable":true,"href":"https:\/\/www.radiopresidenteibanez.cl\/web\/wp-json\/wp\/v2\/comments?post=4473"}],"version-history":[{"count":0,"href":"https:\/\/www.radiopresidenteibanez.cl\/web\/wp-json\/wp\/v2\/posts\/4473\/revisions"}],"wp:featuredmedia":[{"embeddable":true,"href":"https:\/\/www.radiopresidenteibanez.cl\/web\/wp-json\/wp\/v2\/media\/4474"}],"wp:attachment":[{"href":"https:\/\/www.radiopresidenteibanez.cl\/web\/wp-json\/wp\/v2\/media?parent=4473"}],"wp:term":[{"taxonomy":"category","embeddable":true,"href":"https:\/\/www.radiopresidenteibanez.cl\/web\/wp-json\/wp\/v2\/categories?post=4473"},{"taxonomy":"post_tag","embeddable":true,"href":"https:\/\/www.radiopresidenteibanez.cl\/web\/wp-json\/wp\/v2\/tags?post=4473"}],"curies":[{"name":"wp","href":"https:\/\/api.w.org\/{rel}","templated":true}]}}