{"id":44720,"date":"2023-12-09T10:04:59","date_gmt":"2023-12-09T13:04:59","guid":{"rendered":"https:\/\/www.radiopresidenteibanez.cl\/web\/?p=44720"},"modified":"2023-12-09T10:05:25","modified_gmt":"2023-12-09T13:05:25","slug":"cpc-magallanes-lo-que-se-escribe-con-la-mano-para-la-region-se-esta-borrando-con-el-codo","status":"publish","type":"post","link":"https:\/\/www.radiopresidenteibanez.cl\/web\/cpc-magallanes-lo-que-se-escribe-con-la-mano-para-la-region-se-esta-borrando-con-el-codo\/","title":{"rendered":"CPC Magallanes \u201cLo que se escribe con la mano para la regi\u00f3n, se est\u00e1 borrando con el codo\u201d"},"content":{"rendered":"\n<p>Nos hemos encontrado con asombro con&nbsp;una&nbsp;publicaci\u00f3n&nbsp;en el Diario Oficial, sobre el Protocolo del &nbsp;Tratado Ant\u00e1rtico&nbsp;que el reglamento de la Nueva Secci\u00f3n Nacional de Convenci\u00f3n de la&nbsp;Conservaci\u00f3n de los Recursos Vivos Marinos Ant\u00e1rticos&nbsp;CCRVMA&nbsp;(Ant\u00e1rtica) deja fuera a los operadores ant\u00e1rticos privados de Magallanes.<\/p>\n\n\n\n<p>Recientemente,&nbsp;en el mes de Octubre de este a\u00f1o, el Presidente Gabriel&nbsp;Boric&nbsp;Font,&nbsp;modific\u00f3 la integraci\u00f3n de la secci\u00f3n nacional de la&nbsp;&nbsp;CCRVMA o&nbsp;CCAMLR, que es el organismo chileno en que se coordina la gobernanza de las actividades ant\u00e1rticas que afectan el medio ambiente marino. Desde el a\u00f1o 1991,&nbsp;este grupo de trabajo estaba integrado por las autoridades p\u00fablicas y los operadores ant\u00e1rticos,&nbsp;p\u00fablicos y privados,que ten\u00edan injerencia en las actividades mar\u00edtimas que pudieran afectar la conservaci\u00f3n del medio ambiente marino.&nbsp;Uno de estos integrantes, era representante de la Industria de Magallanes que Opera en la zona.<\/p>\n\n\n\n<p>Sin embargo, en contradicci\u00f3n con el&nbsp;Estatuto&nbsp;Ant\u00e1rtico,&nbsp;que logr\u00f3 consagrar a los operadores ant\u00e1rticos privados,&nbsp;todos de la regi\u00f3n de Magallanes;&nbsp;el reglamento&nbsp;recientemente&nbsp;publicado&nbsp;<\/p>\n\n\n\n<p>deja&nbsp;fuera&nbsp;del organismo&nbsp;a los privados de Magallanes,&nbsp;quit\u00e1ndoles el&nbsp;derecho a participar,&nbsp;y los reemplaz\u00f3 por&nbsp;dos&nbsp;ONG conservacionistas&nbsp;a las&nbsp;que&nbsp;ni siquiera se&nbsp;les&nbsp;exige sean de origen chileno y por tanto se relacionen con nuestro inter\u00e9s nacional,&nbsp;ni que sean&nbsp;operadores ant\u00e1rticos. &nbsp;Y por lo tanto tampoco se les pide que&nbsp;dejen valor&nbsp;agregado en la regi\u00f3n&nbsp;o tengan&nbsp;vinculaci\u00f3n con la misma; pero s\u00ed se estipula que necesitar\u00e1n la colaboraci\u00f3n de los operadores regionales, que son los que en definitiva conocen cada rinc\u00f3n, lo que nos lleva a una reflexi\u00f3n\u2026 \u00bf\u2026seremos invitados en nuestra propia casa para hacer una inducci\u00f3n a los entes for\u00e1neos?.<\/p>\n\n\n\n<p>La CPC Magallanes ve&nbsp;como una incoherencia total,&nbsp;que los discursos en pro del desarrollo econ\u00f3mico que beneficie a los habitantes de la&nbsp;Regi\u00f3n,&nbsp;que se escuchan&nbsp;de las autoridades, no se refleja&nbsp;en sus decisiones concretas. Los operadores&nbsp;ant\u00e1rticos&nbsp;privados de Magallanes hicieron un fuerte trabajo para ser considerados en el&nbsp;Estatuto&nbsp;Ant\u00e1rtico, lo que ocurri\u00f3 no sin oposici\u00f3n del entonces&nbsp;ejecutivo y la Direcci\u00f3n de Ant\u00e1rtica del&nbsp;Minrel, pero s\u00ed con&nbsp;el fuerte apoyo de los senadores tanto de la regi\u00f3n como de otros que integraban las comisiones respectivas, a quienes&nbsp;les hizo sentido que si casi el 50% de la actividad que desarrolla Chile en la Ant\u00e1rtica es privada y de Magallanes,&nbsp;la misma ten\u00eda que tener reconocimiento.<\/p>\n\n\n\n<p>Con la publicaci\u00f3n el 26&nbsp;de Octubre del decreto que establece el REGLAMENTO DEL ART\u00cdCULO 18 DE LA LEY N\u00b0 21.255, QUE ESTABLECE EL ESTATUTO CHILENO ANT\u00c1RTICO, SOBRE LA ORGANIZACI\u00d3N Y FUNCIONAMIENTO DE LAS SECCIONES O COMIT\u00c9S NACIONALES ANT\u00c1RTICOS, no s\u00f3lo se est\u00e1 borrando en forma arbitraria lo dispuesto en el&nbsp;Estatuto&nbsp;Ant\u00e1rtico en torno a reconocer a los operadores privados, modificando&nbsp;de paso una&nbsp;forma de actuar que llevaba a\u00f1os desarroll\u00e1ndose, sino que se est\u00e1 silenciando a los operadores privados, que son los que efectivamente hacen soberan\u00eda en la zona y operan desde nuestros puertos,&nbsp;dejando su riqueza en ellos, para privilegiar a las organizaciones que normalmente son for\u00e1neas&nbsp;y cuyo trabajo tiende a que los Magall\u00e1nicos no podamos hacer uso racional de nuestros recursos en beneficio de nuestros habitantes.&nbsp;<\/p>\n\n\n\n<p>Este paradigma entre la conservaci\u00f3n ideologizada&nbsp;y la actividad econ\u00f3mica sustentable, es la que hoy tiene afectada a nuestra econom\u00eda regional,&nbsp;y que vemos&nbsp;como, ante nuestros &nbsp;propios ojos,&nbsp;el Ministerio de Relaciones Exteriores con su Direcci\u00f3n Ant\u00e1rtica y el Ministerio de Econom\u00eda con la Subsecretar\u00eda de&nbsp;Pesca, quieren expandir&nbsp;este paradigma&nbsp;a la actividad ant\u00e1rtica.&nbsp;Es lamentable que&nbsp;los que somos de Magallanes y nuestras propias autoridades no cuidemos lo que con esfuerzo desde esta alejada regi\u00f3n nos ha costado tanto conseguir y construir.<\/p>\n\n\n\n<p>Creo Se\u00f1or en Magallanes\u2026<\/p>\n","protected":false},"excerpt":{"rendered":"<p>Nos hemos encontrado con asombro con&nbsp;una&nbsp;publicaci\u00f3n&nbsp;en el Diario Oficial, sobre el Protocolo del &nbsp;Tratado Ant\u00e1rtico&nbsp;que el reglamento de la Nueva Secci\u00f3n Nacional de Convenci\u00f3n de la&nbsp;Conservaci\u00f3n de los Recursos Vivos&#8230; <a class=\"read-more\" href=\"https:\/\/www.radiopresidenteibanez.cl\/web\/cpc-magallanes-lo-que-se-escribe-con-la-mano-para-la-region-se-esta-borrando-con-el-codo\/\">Leer m\u00e1s<\/a><\/p>\n","protected":false},"author":2,"featured_media":44721,"comment_status":"closed","ping_status":"closed","sticky":false,"template":"","format":"standard","meta":{"footnotes":""},"categories":[1],"tags":[],"class_list":["post-44720","post","type-post","status-publish","format-standard","has-post-thumbnail","hentry","category-cronica"],"_links":{"self":[{"href":"https:\/\/www.radiopresidenteibanez.cl\/web\/wp-json\/wp\/v2\/posts\/44720","targetHints":{"allow":["GET"]}}],"collection":[{"href":"https:\/\/www.radiopresidenteibanez.cl\/web\/wp-json\/wp\/v2\/posts"}],"about":[{"href":"https:\/\/www.radiopresidenteibanez.cl\/web\/wp-json\/wp\/v2\/types\/post"}],"author":[{"embeddable":true,"href":"https:\/\/www.radiopresidenteibanez.cl\/web\/wp-json\/wp\/v2\/users\/2"}],"replies":[{"embeddable":true,"href":"https:\/\/www.radiopresidenteibanez.cl\/web\/wp-json\/wp\/v2\/comments?post=44720"}],"version-history":[{"count":0,"href":"https:\/\/www.radiopresidenteibanez.cl\/web\/wp-json\/wp\/v2\/posts\/44720\/revisions"}],"wp:featuredmedia":[{"embeddable":true,"href":"https:\/\/www.radiopresidenteibanez.cl\/web\/wp-json\/wp\/v2\/media\/44721"}],"wp:attachment":[{"href":"https:\/\/www.radiopresidenteibanez.cl\/web\/wp-json\/wp\/v2\/media?parent=44720"}],"wp:term":[{"taxonomy":"category","embeddable":true,"href":"https:\/\/www.radiopresidenteibanez.cl\/web\/wp-json\/wp\/v2\/categories?post=44720"},{"taxonomy":"post_tag","embeddable":true,"href":"https:\/\/www.radiopresidenteibanez.cl\/web\/wp-json\/wp\/v2\/tags?post=44720"}],"curies":[{"name":"wp","href":"https:\/\/api.w.org\/{rel}","templated":true}]}}