{"id":44704,"date":"2023-12-08T16:10:00","date_gmt":"2023-12-08T19:10:00","guid":{"rendered":"https:\/\/www.radiopresidenteibanez.cl\/web\/?p=44704"},"modified":"2023-12-08T13:23:13","modified_gmt":"2023-12-08T16:23:13","slug":"sag-en-alerta-por-vegetales-que-ingresan-ilegalmente-a-chile-con-residuos-de-plaguicidas-prohibidos","status":"publish","type":"post","link":"https:\/\/www.radiopresidenteibanez.cl\/web\/sag-en-alerta-por-vegetales-que-ingresan-ilegalmente-a-chile-con-residuos-de-plaguicidas-prohibidos\/","title":{"rendered":"SAG en alerta por vegetales que ingresan ilegalmente a Chile con residuos de plaguicidas prohibidos"},"content":{"rendered":"\n<p>Funcionarios del Servicio Agr\u00edcola y Ganadero (SAG) en las regiones de Arica y Parinacota y Tarapac\u00e1 llevaron a cabo la interceptaci\u00f3n de camiones que transportaban productos hortofrut\u00edcolas, ingresados clandestinamente al pa\u00eds en calidad de contrabando. Esta acci\u00f3n se enmarca en la misi\u00f3n de salvaguardar y mejorar la condici\u00f3n fito y zoosanitaria de Chile. \u201cLa importancia de esta labor radica en que este tipo de frutas representa un riesgo para la salud de nuestra agricultura, al ser portadoras de plagas perjudiciales como la mosca de la fruta, as\u00ed como otras plagas no presentes en Chile. Adicionalmente, presentan residuos de plaguicidas prohibidos por el SAG, basado en la evidencia cient\u00edfica de causar da\u00f1os a la salud de las personas y al medio ambiente\u201d comenta Jos\u00e9 Guajardo Reyes, director nacional del SAG.<\/p>\n\n\n\n<p>Desde septiembre se ha estado llevando a cabo la toma de muestras vegetales de productos decomisados con el prop\u00f3sito de realizar an\u00e1lisis de residuos de plaguicidas en cada una de estas especies. En el monitoreo, se recolectaron 30 muestras en las regiones de Arica y Parinacota y Tarapac\u00e1, abarcando diversas especies ingresadas ilegalmente como mandarinas, mangos, naranjas, \u00f1ame, paltas, papas, papayas, pepino dulce, pi\u00f1a, pl\u00e1tano, sand\u00eda, tomate, uva, yuca y granadilla. Todas las muestras fueron analizadas por el Laboratorio GCL Eurofins, autorizado por el&nbsp; SAG.<\/p>\n\n\n\n<p>Fue as\u00ed como en nueve de las muestras tomadas se encontraron sustancias activas no autorizadas en Chile para el cultivo correspondiente, violando as\u00ed la normativa del SAG seg\u00fan el art\u00edculo 34 del Decreto Ley 3.557. Asimismo, en el monitoreo se identificaron once muestras que exced\u00edan los l\u00edmites m\u00e1ximos de residuos permitidos por la normativa nacional establecida en la Resoluci\u00f3n 892\/2020 del Ministerio de Salud. Esta resoluci\u00f3n, basada en el Codex Alimentarius y las normas de la Uni\u00f3n Europea y la FDA de Estados Unidos se aplica a productos tanto nacionales como importados.<\/p>\n\n\n\n<p>En este contexto, resalta una muestra de papa que evidenci\u00f3 la presencia de residuos de carbofurano, y otra muestra de uva de mesa en la que se detectaron residuos de monocrotof\u00f3s. Es importante destacar que ambos plaguicidas est\u00e1n prohibidos por el SAG, seg\u00fan la Resoluci\u00f3n 4245\/2019 y la Resoluci\u00f3n 6149\/2023, respectivamente. Para asegurar que no eran casos aislados, el SAG tom\u00f3 un segundo set de muestras de papas y uvas durante el mes de noviembre, donde apareci\u00f3 por segunda vez el residuo de monocrotof\u00f3s en uva de mesa.<\/p>\n\n\n\n<p>Estudios realizados en la Uni\u00f3n Europea y Canad\u00e1 mostraron resultados de alta preocupaci\u00f3n por da\u00f1os neurol\u00f3gicos asociados a los residuos de carbofurano, y con riesgos de exposici\u00f3n asociados a la manipulaci\u00f3n por parte de trabajadores, as\u00ed como razones de preocupaci\u00f3n para el consumidor, mientras que en el caso del monocrotof\u00f3s, estudios cient\u00edficos realizados en Australia y Hungr\u00eda demostraron afectaci\u00f3n al medioambiente, especialmente en aves, raz\u00f3n por la cual se prohibi\u00f3.<\/p>\n\n\n\n<p>Respecto de la situaci\u00f3n regional, Juan&nbsp;Francisco \u00c1lvarez C\u00e1rcamo, director regional (s) del Servicio Agr\u00edcola y Ganadero inform\u00f3 que en Magallanes no se ha observado este fen\u00f3meno y que la vigilancia del Servicio es permanente en todos los puntos de ingreso a la regi\u00f3n, precisando que \u201cen ello nos favorece nuestra situaci\u00f3n geogr\u00e1fica, adem\u00e1s de que todas las cargas comerciales procedentes del extranjero son inspeccionadas documental y f\u00edsicamente a trav\u00e9s de un proceso que garantiza tanto la fitosanidad como la inocuidad de las cargas importadas\u201d. No obstante, hizo un llamado a la ciudadan\u00eda a declarar ante los inspectores del Servicio cualquier producto de riesgo que lleven consigo al regresar al pa\u00eds desde el extranjero y a evitar la adquisici\u00f3n de productos en comercios no establecidos.<\/p>\n","protected":false},"excerpt":{"rendered":"<p>Funcionarios del Servicio Agr\u00edcola y Ganadero (SAG) en las regiones de Arica y Parinacota y Tarapac\u00e1 llevaron a cabo la interceptaci\u00f3n de camiones que transportaban productos hortofrut\u00edcolas, ingresados clandestinamente al&#8230; <a class=\"read-more\" href=\"https:\/\/www.radiopresidenteibanez.cl\/web\/sag-en-alerta-por-vegetales-que-ingresan-ilegalmente-a-chile-con-residuos-de-plaguicidas-prohibidos\/\">Leer m\u00e1s<\/a><\/p>\n","protected":false},"author":2,"featured_media":44705,"comment_status":"closed","ping_status":"closed","sticky":false,"template":"","format":"standard","meta":{"footnotes":""},"categories":[1],"tags":[],"class_list":["post-44704","post","type-post","status-publish","format-standard","has-post-thumbnail","hentry","category-cronica"],"_links":{"self":[{"href":"https:\/\/www.radiopresidenteibanez.cl\/web\/wp-json\/wp\/v2\/posts\/44704","targetHints":{"allow":["GET"]}}],"collection":[{"href":"https:\/\/www.radiopresidenteibanez.cl\/web\/wp-json\/wp\/v2\/posts"}],"about":[{"href":"https:\/\/www.radiopresidenteibanez.cl\/web\/wp-json\/wp\/v2\/types\/post"}],"author":[{"embeddable":true,"href":"https:\/\/www.radiopresidenteibanez.cl\/web\/wp-json\/wp\/v2\/users\/2"}],"replies":[{"embeddable":true,"href":"https:\/\/www.radiopresidenteibanez.cl\/web\/wp-json\/wp\/v2\/comments?post=44704"}],"version-history":[{"count":0,"href":"https:\/\/www.radiopresidenteibanez.cl\/web\/wp-json\/wp\/v2\/posts\/44704\/revisions"}],"wp:featuredmedia":[{"embeddable":true,"href":"https:\/\/www.radiopresidenteibanez.cl\/web\/wp-json\/wp\/v2\/media\/44705"}],"wp:attachment":[{"href":"https:\/\/www.radiopresidenteibanez.cl\/web\/wp-json\/wp\/v2\/media?parent=44704"}],"wp:term":[{"taxonomy":"category","embeddable":true,"href":"https:\/\/www.radiopresidenteibanez.cl\/web\/wp-json\/wp\/v2\/categories?post=44704"},{"taxonomy":"post_tag","embeddable":true,"href":"https:\/\/www.radiopresidenteibanez.cl\/web\/wp-json\/wp\/v2\/tags?post=44704"}],"curies":[{"name":"wp","href":"https:\/\/api.w.org\/{rel}","templated":true}]}}