{"id":4470,"date":"2019-05-23T14:46:00","date_gmt":"2019-05-23T14:46:00","guid":{"rendered":"http:\/\/www.radiopresidenteibanez.cl\/web\/?p=4470"},"modified":"2019-05-23T14:46:10","modified_gmt":"2019-05-23T14:46:10","slug":"con-apoyo-de-enap-dirigentes-vecinales-de-puerto-natales-se-capacitaron-en-el-uso-de-extintores","status":"publish","type":"post","link":"https:\/\/www.radiopresidenteibanez.cl\/web\/con-apoyo-de-enap-dirigentes-vecinales-de-puerto-natales-se-capacitaron-en-el-uso-de-extintores\/","title":{"rendered":"CON APOYO DE ENAP, DIRIGENTES VECINALES DE PUERTO NATALES SE CAPACITARON EN EL USO DE EXTINTORES"},"content":{"rendered":"\n<p>En el marco de un nuevo convenio\nde colaboraci\u00f3n entre ENAP Magallanes y la Uni\u00f3n Comunal de Puerto Natales, un\ngrupo de diez dirigentes vecinales de esa comuna recibi\u00f3 una importante\ncapacitaci\u00f3n respecto del uso de los extintores y los riesgos m\u00e1s comunes que\nexisten en las viviendas. <\/p>\n\n\n\n<p>Aprender a controlar el inicio de\nun siniestro, conociendo los conceptos b\u00e1sicos del uso de un extintor fue el\nobjetivo principal de la capacitaci\u00f3n dictada por el prevencionista de riesgos\nde ENAP Magallanes, Fernando \u00c1lvarez, a dirigentes vecinales de Puerto Natales.\n\u201cLa idea fue traspasar conocimientos y la experiencia que he adquirido en\ntantos a\u00f1os en la empresa. Ellos ahora saben c\u00f3mo actuar frente a una\nemergencia y estar atentos a los riesgos, el tema de calefactores el\u00e9ctricos y\ntantos otros que tenemos en nuestros hogares, por lo tanto, feliz de poder\naportar y entregar estos conocimientos a los vecinos\u201d, expres\u00f3 \u00c1lvarez. <\/p>\n\n\n\n<p>La actividad se enmarc\u00f3 dentro de\nla firma de un nuevo convenio de colaboraci\u00f3n entre la empresa estatal y la\nUni\u00f3n Comunal de Puerto Natales, el cual contempla varias capacitaciones, entre\nellas la ya realizada. \u201cCumpliendo con el compromiso que ten\u00edamos, concretamos\neste curso de uso de extintores, pero hemos programado otros este a\u00f1o que van\nen directo beneficio de los vecinos de Puerto Natales, as\u00ed que estamos muy\ncontentos por todas las cosas que estamos haciendo en conjunto\u201d, expres\u00f3\nAlfonso Pacheco, jefe de comunidades y RSE de ENAP Magallanes.<\/p>\n\n\n\n<p>En tanto, la presidenta de la\nUni\u00f3n Comunal, Mar\u00eda Bel\u00e9n Davey, agradeci\u00f3 este apoyo de ENAP y la confianza\nque existe en el trabajo con los vecinos. \u201cTener esta alianza con ENAP, la\n\u00fanica de mutuo beneficio que tenemos, es muy importante, porque no siempre\ntenemos apoyo y esto es en beneficio de todos nuestros vecinos y vecinas. Nos\nemociona tener estos v\u00ednculos y creer en el trabajo que hacemos, porque es\nserio y responsable. Este ya es segundo a\u00f1o de trabajo conjunto y estamos muy\nfelices\u201d, expres\u00f3.<\/p>\n\n\n\n<p>Tras una capacitaci\u00f3n te\u00f3rica,\nlos dirigentes realizaron ejercicios pr\u00e1cticos del uso de extintores. \u201cMuy\ngratificante, no ten\u00eda idea de usar un extintor, as\u00ed que fue muy importante\npara beneficio m\u00edo y de la Junta de Vecinos, as\u00ed que muy agradecidos por este\napoyo\u201d se\u00f1al\u00f3 Galicia Barr\u00eda, de la JJVV N\u00b0 23 Octavio Castro.<\/p>\n\n\n\n<p>Jos\u00e9 Burgos, representante de los\ntransportistas, expres\u00f3: \u201cUn objetivo muy pr\u00e1ctico para defenderse ante\ncualquier situaci\u00f3n de emergencia, ya sea en una casa o en un veh\u00edculo. Ya uno\nconoce los tipos de incendio y el uso de cada extintor. Felicito a la Uni\u00f3n\nComunal y a ENAP por habernos invitado a participar\u201d.<\/p>\n\n\n\n<p>Adicional a este apoyo, ENAP hizo entrega de 30 disfraces de Toy Story a la Uni\u00f3n Comunal para que sean utilizados en distintos eventos durante el a\u00f1o, uno de ellos el desfile aniversario de Puerto Natales. <\/p>\n\n\n\n<figure class=\"wp-block-image\"><img loading=\"lazy\" decoding=\"async\" width=\"900\" height=\"675\" src=\"https:\/\/www.radiopresidenteibanez.cl\/web\/wp-content\/uploads\/2019\/05\/FIRMA-CONVENIO-CON-UNI\u00d3N-COMUNAL-NATALES-2.jpg\" alt=\"\" class=\"wp-image-4471\" srcset=\"https:\/\/www.radiopresidenteibanez.cl\/web\/wp-content\/uploads\/2019\/05\/FIRMA-CONVENIO-CON-UNI\u00d3N-COMUNAL-NATALES-2.jpg 900w, https:\/\/www.radiopresidenteibanez.cl\/web\/wp-content\/uploads\/2019\/05\/FIRMA-CONVENIO-CON-UNI\u00d3N-COMUNAL-NATALES-2-300x225.jpg 300w, https:\/\/www.radiopresidenteibanez.cl\/web\/wp-content\/uploads\/2019\/05\/FIRMA-CONVENIO-CON-UNI\u00d3N-COMUNAL-NATALES-2-768x576.jpg 768w\" sizes=\"auto, (max-width: 900px) 100vw, 900px\" \/><\/figure>\n","protected":false},"excerpt":{"rendered":"<p>En el marco de un nuevo convenio de colaboraci\u00f3n entre ENAP Magallanes y la Uni\u00f3n Comunal de Puerto Natales, un grupo de diez dirigentes vecinales de esa comuna recibi\u00f3 una&#8230; <a class=\"read-more\" href=\"https:\/\/www.radiopresidenteibanez.cl\/web\/con-apoyo-de-enap-dirigentes-vecinales-de-puerto-natales-se-capacitaron-en-el-uso-de-extintores\/\">Leer m\u00e1s<\/a><\/p>\n","protected":false},"author":2,"featured_media":4471,"comment_status":"closed","ping_status":"closed","sticky":false,"template":"","format":"standard","meta":{"footnotes":""},"categories":[1],"tags":[],"class_list":["post-4470","post","type-post","status-publish","format-standard","has-post-thumbnail","hentry","category-cronica"],"_links":{"self":[{"href":"https:\/\/www.radiopresidenteibanez.cl\/web\/wp-json\/wp\/v2\/posts\/4470","targetHints":{"allow":["GET"]}}],"collection":[{"href":"https:\/\/www.radiopresidenteibanez.cl\/web\/wp-json\/wp\/v2\/posts"}],"about":[{"href":"https:\/\/www.radiopresidenteibanez.cl\/web\/wp-json\/wp\/v2\/types\/post"}],"author":[{"embeddable":true,"href":"https:\/\/www.radiopresidenteibanez.cl\/web\/wp-json\/wp\/v2\/users\/2"}],"replies":[{"embeddable":true,"href":"https:\/\/www.radiopresidenteibanez.cl\/web\/wp-json\/wp\/v2\/comments?post=4470"}],"version-history":[{"count":0,"href":"https:\/\/www.radiopresidenteibanez.cl\/web\/wp-json\/wp\/v2\/posts\/4470\/revisions"}],"wp:featuredmedia":[{"embeddable":true,"href":"https:\/\/www.radiopresidenteibanez.cl\/web\/wp-json\/wp\/v2\/media\/4471"}],"wp:attachment":[{"href":"https:\/\/www.radiopresidenteibanez.cl\/web\/wp-json\/wp\/v2\/media?parent=4470"}],"wp:term":[{"taxonomy":"category","embeddable":true,"href":"https:\/\/www.radiopresidenteibanez.cl\/web\/wp-json\/wp\/v2\/categories?post=4470"},{"taxonomy":"post_tag","embeddable":true,"href":"https:\/\/www.radiopresidenteibanez.cl\/web\/wp-json\/wp\/v2\/tags?post=4470"}],"curies":[{"name":"wp","href":"https:\/\/api.w.org\/{rel}","templated":true}]}}