{"id":44655,"date":"2023-12-06T15:23:00","date_gmt":"2023-12-06T18:23:00","guid":{"rendered":"https:\/\/www.radiopresidenteibanez.cl\/web\/?p=44655"},"modified":"2023-12-06T11:54:33","modified_gmt":"2023-12-06T14:54:33","slug":"mas-de-150-comunas-dicen-presente-en-jornada-nacional-de-dideco-organizada-por-desarrollo-social-y-familia","status":"publish","type":"post","link":"https:\/\/www.radiopresidenteibanez.cl\/web\/mas-de-150-comunas-dicen-presente-en-jornada-nacional-de-dideco-organizada-por-desarrollo-social-y-familia\/","title":{"rendered":"MAS DE 150 COMUNAS DICEN PRESENTE EN JORNADA NACIONAL DE DIDECO ORGANIZADA POR DESARROLLO SOCIAL Y FAMILIA"},"content":{"rendered":"\n<p>&nbsp;M\u00e1s de 150 comunas del pa\u00eds se hicieron presentes en la Jornada Nacional de Directores de Desarrollo Comunitario 2023, organizada por el Ministerio de Desarrollo Social y Familia y la Subsecretar\u00eda de Servicios Sociales.<\/p>\n\n\n\n<p>El encuentro, cuyo objetivo fue fortalecer el trabajo t\u00e9cnico y coordinar el trabajo conjunto entre las Direcciones de Desarrollo Comunitario y el Ministerio de Desarrollo Social y Familia, sirvi\u00f3 para abordar de manera integral la situaci\u00f3n de pobreza y la implementaci\u00f3n de pol\u00edticas sociales.<\/p>\n\n\n\n<p>Con presentaciones de la Ministra Javiera Toro, la Subsecretaria de Servicios Sociales, Francisca Gallegos, la Subsecretaria de la Ni\u00f1ez, Ver\u00f3nica Silva y la Subsecretaria de Evaluaci\u00f3n Social, Paula Poblete entre otras, el encuentro entreg\u00f3 insumos t\u00e9cnicos y pol\u00edticos respecto de tem\u00e1ticas claves en t\u00e9rminos de desarrollo social, como las modificaciones en la calificaci\u00f3n socioecon\u00f3mica del Registro Social de Hogares, la ley de garant\u00edas de ni\u00f1ez y adolescencia y la construcci\u00f3n del Sistema Nacional e Integral de Cuidados.<\/p>\n\n\n\n<p>Sobre la jornada, la Ministra Toro dio cuenta de la relevancia de este tipo de instancias, se\u00f1alando que \u201ces fundamental para poder tener una visi\u00f3n y di\u00e1logo de pa\u00eds respecto de la implementaci\u00f3n de pol\u00edticas sociales. Sabemos que, para muchas personas, las DIDECO y las municipalidades son la primera puerta de entrada al Estado. Son actores relevantes en la oferta program\u00e1tica del ministerio de Desarrollo Social\u201d.<\/p>\n\n\n\n<p>Asimismo, la Subsecretaria Francisca Gallegos relev\u00f3 la importancia de la coordinaci\u00f3n con las municipalidades para la implementaci\u00f3n de los programas sociales del Estado. \u201cLas DIDECO son actores estrat\u00e9gicos de nuestro trabajo en las distintas comunas. Con ellas podemos implementar cada uno de nuestros programas y establecer la coordinaci\u00f3n intersectorial que tiene lugar en cada rinc\u00f3n de Chile. Este encuentro sirve para fortalecer la comunicaci\u00f3n, relevar las buenas pr\u00e1cticas y escuchar las recomendaciones que las comunas nos hacen para poder tener una protecci\u00f3n social y un Sistema Nacional de Cuidados m\u00e1s fortalecido y con pertinencia territorial\u201d, expres\u00f3.<\/p>\n","protected":false},"excerpt":{"rendered":"<p>&nbsp;M\u00e1s de 150 comunas del pa\u00eds se hicieron presentes en la Jornada Nacional de Directores de Desarrollo Comunitario 2023, organizada por el Ministerio de Desarrollo Social y Familia y la&#8230; <a class=\"read-more\" href=\"https:\/\/www.radiopresidenteibanez.cl\/web\/mas-de-150-comunas-dicen-presente-en-jornada-nacional-de-dideco-organizada-por-desarrollo-social-y-familia\/\">Leer m\u00e1s<\/a><\/p>\n","protected":false},"author":2,"featured_media":44656,"comment_status":"closed","ping_status":"closed","sticky":false,"template":"","format":"standard","meta":{"footnotes":""},"categories":[1],"tags":[],"class_list":["post-44655","post","type-post","status-publish","format-standard","has-post-thumbnail","hentry","category-cronica"],"_links":{"self":[{"href":"https:\/\/www.radiopresidenteibanez.cl\/web\/wp-json\/wp\/v2\/posts\/44655","targetHints":{"allow":["GET"]}}],"collection":[{"href":"https:\/\/www.radiopresidenteibanez.cl\/web\/wp-json\/wp\/v2\/posts"}],"about":[{"href":"https:\/\/www.radiopresidenteibanez.cl\/web\/wp-json\/wp\/v2\/types\/post"}],"author":[{"embeddable":true,"href":"https:\/\/www.radiopresidenteibanez.cl\/web\/wp-json\/wp\/v2\/users\/2"}],"replies":[{"embeddable":true,"href":"https:\/\/www.radiopresidenteibanez.cl\/web\/wp-json\/wp\/v2\/comments?post=44655"}],"version-history":[{"count":0,"href":"https:\/\/www.radiopresidenteibanez.cl\/web\/wp-json\/wp\/v2\/posts\/44655\/revisions"}],"wp:featuredmedia":[{"embeddable":true,"href":"https:\/\/www.radiopresidenteibanez.cl\/web\/wp-json\/wp\/v2\/media\/44656"}],"wp:attachment":[{"href":"https:\/\/www.radiopresidenteibanez.cl\/web\/wp-json\/wp\/v2\/media?parent=44655"}],"wp:term":[{"taxonomy":"category","embeddable":true,"href":"https:\/\/www.radiopresidenteibanez.cl\/web\/wp-json\/wp\/v2\/categories?post=44655"},{"taxonomy":"post_tag","embeddable":true,"href":"https:\/\/www.radiopresidenteibanez.cl\/web\/wp-json\/wp\/v2\/tags?post=44655"}],"curies":[{"name":"wp","href":"https:\/\/api.w.org\/{rel}","templated":true}]}}