{"id":44652,"date":"2023-12-06T14:07:00","date_gmt":"2023-12-06T17:07:00","guid":{"rendered":"https:\/\/www.radiopresidenteibanez.cl\/web\/?p=44652"},"modified":"2023-12-06T11:31:56","modified_gmt":"2023-12-06T14:31:56","slug":"dicrep-magallanes-efectuara-remate-virtual-de-42-vehiculos-fiscales","status":"publish","type":"post","link":"https:\/\/www.radiopresidenteibanez.cl\/web\/dicrep-magallanes-efectuara-remate-virtual-de-42-vehiculos-fiscales\/","title":{"rendered":"DICREP MAGALLANES EFECTUARA REMATE VIRTUAL DE 42 VEHICULOS FISCALES"},"content":{"rendered":"\n<p>La Direcci\u00f3n regional del Cr\u00e9dito Prendario (Dicrep)<br>Magallanes -m\u00e1s conocida como la \u201cT\u00eda Rica\u201d- llevar\u00e1 a cabo este jueves 7 de diciembre, a las<br>15:30 horas el \u00faltimo remate fiscal y judicial del a\u00f1o, el cual se realizar\u00e1 de manera virtual.<br>En total ser\u00e1n 62 especies y 42 veh\u00edculos a subastar a solicitud de la Fiscal\u00eda Local de Punta Arenas<br>y diferentes organismos p\u00fablicos tales como: Servicio de Vivienda y Urbanismo (Serviu),<br>Superintendencia de Servicios Sanitarios, Seremi de Salud, Direcci\u00f3n regional del Trabajo, Registro<br>Civil, Servicio de Salud Magallanes, Gobierno Regional de Magallanes, Servicio Electoral (Servel),<br>Universidad de Magallanes y la Ilustre Municipalidad de San Gregorio.<br>Seg\u00fan inform\u00f3 la Seremi del Trabajo, Doris Sandoval Miranda, \u201cse trata de un importante remate<br>para nuestra \u201cT\u00eda Rica\u201d, ya que se est\u00e1n subastando un total de 42 veh\u00edculos correspondientes a<br>11 servicios p\u00fablicos de la regi\u00f3n. El remate ser\u00e1 online, sin embargo, para poder participar de \u00e9l,<br>se requiere una inscripci\u00f3n previa que debe ser realizada hasta 24 horas antes del remate. Es<br>decir, el plazo para inscribirse es hasta este mi\u00e9rcoles 6 de diciembre, a las 13:00 horas. Por lo que<br>hacemos el llamado a las y los posibles interesados, a revisar si existe alg\u00fan art\u00edculo de su inter\u00e9s y<br>realizar su registro en el sitio web de la Dicrep con su Clave \u00danica\u201d.<br>Tal como explic\u00f3 la autoridad, la inscripci\u00f3n debe ser realizada a trav\u00e9s de la p\u00e1gina web del<br>servicio, www.dicrep.cl. Para hacerlo, las personas deben ser mayores de 18 a\u00f1os, acceder al sitio<br>con su Clave \u00danica y para concretar el debido registro deben dejar una garant\u00eda de 200 mil pesos,<br>que es de car\u00e1cter obligatoria para participar del remate.<br>En palabras del administrador (s) de la Dicrep Magallanes, H\u00e9ctor Toledo, \u201ccomo dijo la Seremi, es<br>sumamente importante que las personas interesadas en alguna de las especies o veh\u00edculos a<br>rematar realicen la inscripci\u00f3n y el pago obligatorio de la garant\u00eda. Esta debe corresponder al<br>titular inscrito, no se aceptar\u00e1n de terceros y debe estar correctamente acreditada a trav\u00e9s de<br>transferencia electr\u00f3nica o dep\u00f3sito a nombre del servicio. Los detalles se encuentran en nuestro<br>sitio, donde deben acceder al calendario de remates y pinchar el que corresponde a Punta Arenas,<br>donde salen todos los datos para el registro, el pago de la garant\u00eda y donde tambi\u00e9n podr\u00e1n revisar<br>cada uno de los veh\u00edculos a rematar\u201d.<br>Los veh\u00edculos fiscales disponibles para el remate tambi\u00e9n est\u00e1n siendo exhibidos hasta este<br>mi\u00e9rcoles 6 de diciembre en diferentes reparticiones que se detallan a continuaci\u00f3n:<\/p>\n\n\n\n<p>Fiscal\u00eda: Barrio Industrial kil\u00f3metro 7,5 norte MAESTRANZA MUNICIPAL (DE 15 A 18,00 HRS)<br>Serviu, Registro Civil y Gobierno Regional: Oficina DICREP Lautaro Navarro 1024 de 09.00 a 13.00<br>hrs.<br>Sup. De Servicios Sanitarios: Jos\u00e9 Nogueira N\u00b0 1339 de 09,00 a 12,000 y de 15.00 a 17.00<br>Seremi de Salud: Avda. Bulnes N\u00b0 0136 sector estacionamiento de 10.00 a 12.00 hrs<br>Direcci\u00f3n del Trabajo: Avda. Independencia N\u00b0 608 de 09.00 a 13,30 hrs.<br>Servicio de Salud: Hospital Regional frente al cadis Umag de 09.00 a 13.00 hrs<br>SERVEL: IGNACIO CARRERA PINTO N\u00b0 185 DE 09.00 A 13.00 HRS<br>UMAG: Recinto Universidad de Magallanes a un costado del gimnasio de 15.00 a 17.00 hrs<br>Municipalidad de San Gregorio: Edificio Municipal de 09.00 a 12.30 hrs.<\/p>\n\n\n\n<p>Para mayores antecedentes, las autoridades invitaron a la comunidad a visitar la sucursal de la \u201cT\u00eda<br>Rica\u201d en Punta Arenas, ubicada en calle Lautaro Navarro N\u00b01024, Punta Arenas, o llamando al<br>612360425.<\/p>\n","protected":false},"excerpt":{"rendered":"<p>La Direcci\u00f3n regional del Cr\u00e9dito Prendario (Dicrep)Magallanes -m\u00e1s conocida como la \u201cT\u00eda Rica\u201d- llevar\u00e1 a cabo este jueves 7 de diciembre, a las15:30 horas el \u00faltimo remate fiscal y judicial&#8230; <a class=\"read-more\" href=\"https:\/\/www.radiopresidenteibanez.cl\/web\/dicrep-magallanes-efectuara-remate-virtual-de-42-vehiculos-fiscales\/\">Leer m\u00e1s<\/a><\/p>\n","protected":false},"author":2,"featured_media":44653,"comment_status":"closed","ping_status":"closed","sticky":false,"template":"","format":"standard","meta":{"footnotes":""},"categories":[1],"tags":[],"class_list":["post-44652","post","type-post","status-publish","format-standard","has-post-thumbnail","hentry","category-cronica"],"_links":{"self":[{"href":"https:\/\/www.radiopresidenteibanez.cl\/web\/wp-json\/wp\/v2\/posts\/44652","targetHints":{"allow":["GET"]}}],"collection":[{"href":"https:\/\/www.radiopresidenteibanez.cl\/web\/wp-json\/wp\/v2\/posts"}],"about":[{"href":"https:\/\/www.radiopresidenteibanez.cl\/web\/wp-json\/wp\/v2\/types\/post"}],"author":[{"embeddable":true,"href":"https:\/\/www.radiopresidenteibanez.cl\/web\/wp-json\/wp\/v2\/users\/2"}],"replies":[{"embeddable":true,"href":"https:\/\/www.radiopresidenteibanez.cl\/web\/wp-json\/wp\/v2\/comments?post=44652"}],"version-history":[{"count":0,"href":"https:\/\/www.radiopresidenteibanez.cl\/web\/wp-json\/wp\/v2\/posts\/44652\/revisions"}],"wp:featuredmedia":[{"embeddable":true,"href":"https:\/\/www.radiopresidenteibanez.cl\/web\/wp-json\/wp\/v2\/media\/44653"}],"wp:attachment":[{"href":"https:\/\/www.radiopresidenteibanez.cl\/web\/wp-json\/wp\/v2\/media?parent=44652"}],"wp:term":[{"taxonomy":"category","embeddable":true,"href":"https:\/\/www.radiopresidenteibanez.cl\/web\/wp-json\/wp\/v2\/categories?post=44652"},{"taxonomy":"post_tag","embeddable":true,"href":"https:\/\/www.radiopresidenteibanez.cl\/web\/wp-json\/wp\/v2\/tags?post=44652"}],"curies":[{"name":"wp","href":"https:\/\/api.w.org\/{rel}","templated":true}]}}