{"id":44631,"date":"2023-12-05T17:07:07","date_gmt":"2023-12-05T20:07:07","guid":{"rendered":"https:\/\/www.radiopresidenteibanez.cl\/web\/?p=44631"},"modified":"2023-12-05T17:08:46","modified_gmt":"2023-12-05T20:08:46","slug":"fallece-en-puerto-natales-gabriel-leiva-leiva-destacado-comunicador-e-hijo-ilustre-de-la-comuna","status":"publish","type":"post","link":"https:\/\/www.radiopresidenteibanez.cl\/web\/fallece-en-puerto-natales-gabriel-leiva-leiva-destacado-comunicador-e-hijo-ilustre-de-la-comuna\/","title":{"rendered":"FALLECE EN PUERTO NATALES GABRIEL LEIVA LEIVA, DESTACADO COMUNICADOR E HIJO ILUSTRE DE LA COMUNA."},"content":{"rendered":"\n<p>Texto y fotograf\u00eda: <a href=\"http:\/\/www.radiopolar.com\" data-type=\"link\" data-id=\"www.radiopolar.com\">www.radiopolar.com<\/a><\/p>\n\n\n\n<p>En una triste jornada para la comunidad de Puerto Natales y el periodismo chileno, se confirm\u00f3 esta ma\u00f1ana el fallecimiento de Gabriel Leiva Leiva, un comunicador social que dej\u00f3 una huella imborrable en el coraz\u00f3n de la Provincia de \u00daltima Esperanza. Con m\u00e1s de tres d\u00e9cadas de carrera, Leiva se convirti\u00f3 en una figura emblem\u00e1tica, siendo reconocido como hijo ilustre de la provincia en noviembre pasado.<\/p>\n\n\n\n<p>Gabriel Leiva inici\u00f3 su trayectoria en Radio Polar y Radio Presidente Ib\u00e1\u00f1ez, extendiendo su talento y dedicaci\u00f3n a otras estaciones como las radios Cooperativa y Divina. Su llegada a Puerto Natales en 1993 marc\u00f3 el inicio de una era dorada en su carrera, donde se destac\u00f3 como corresponsal para La Prensa Austral, a cargo del suplemento El Natalino.<\/p>\n\n\n\n<p>Su habilidad para narrar y conectar con la audiencia lo llev\u00f3 a cubrir eventos hist\u00f3ricos significativos, como el devastador incendio en Torres del Paine en 2011, demostrando su compromiso con el periodismo de calidad y su comunidad.<\/p>\n\n\n\n<p>Aparte de su pasi\u00f3n por el periodismo, Leiva era conocido por su amor a la m\u00fasica, la lectura y la gastronom\u00eda, siempre disfrutando de buenos momentos en compa\u00f1\u00eda de su familia. En los \u00faltimos a\u00f1os, enfrent\u00f3 con valent\u00eda y determinaci\u00f3n una batalla contra el c\u00e1ncer, mostrando la misma fortaleza y resiliencia que caracteriz\u00f3 su carrera profesional.<\/p>\n\n\n\n<p>La partida de Gabriel Leiva no solo deja un vac\u00edo en el periodismo regional, sino tambi\u00e9n en el coraz\u00f3n de aquellos que tuvieron el placer de conocerlo y aprender de su vasta experiencia. Su legado perdurar\u00e1 en las historias que cont\u00f3 y en las vidas que toc\u00f3 a lo largo de su notable carrera.<\/p>\n\n\n\n<figure class=\"wp-block-video\"><video height=\"576\" style=\"aspect-ratio: 1024 \/ 576;\" width=\"1024\" controls src=\"https:\/\/www.radiopresidenteibanez.cl\/web\/wp-content\/uploads\/2023\/12\/Radio.mp4\"><\/video><\/figure>\n","protected":false},"excerpt":{"rendered":"<p>Texto y fotograf\u00eda: www.radiopolar.com En una triste jornada para la comunidad de Puerto Natales y el periodismo chileno, se confirm\u00f3 esta ma\u00f1ana el fallecimiento de Gabriel Leiva Leiva, un comunicador&#8230; <a class=\"read-more\" href=\"https:\/\/www.radiopresidenteibanez.cl\/web\/fallece-en-puerto-natales-gabriel-leiva-leiva-destacado-comunicador-e-hijo-ilustre-de-la-comuna\/\">Leer m\u00e1s<\/a><\/p>\n","protected":false},"author":2,"featured_media":44633,"comment_status":"closed","ping_status":"closed","sticky":false,"template":"","format":"standard","meta":{"footnotes":""},"categories":[1],"tags":[],"class_list":["post-44631","post","type-post","status-publish","format-standard","has-post-thumbnail","hentry","category-cronica"],"_links":{"self":[{"href":"https:\/\/www.radiopresidenteibanez.cl\/web\/wp-json\/wp\/v2\/posts\/44631","targetHints":{"allow":["GET"]}}],"collection":[{"href":"https:\/\/www.radiopresidenteibanez.cl\/web\/wp-json\/wp\/v2\/posts"}],"about":[{"href":"https:\/\/www.radiopresidenteibanez.cl\/web\/wp-json\/wp\/v2\/types\/post"}],"author":[{"embeddable":true,"href":"https:\/\/www.radiopresidenteibanez.cl\/web\/wp-json\/wp\/v2\/users\/2"}],"replies":[{"embeddable":true,"href":"https:\/\/www.radiopresidenteibanez.cl\/web\/wp-json\/wp\/v2\/comments?post=44631"}],"version-history":[{"count":0,"href":"https:\/\/www.radiopresidenteibanez.cl\/web\/wp-json\/wp\/v2\/posts\/44631\/revisions"}],"wp:featuredmedia":[{"embeddable":true,"href":"https:\/\/www.radiopresidenteibanez.cl\/web\/wp-json\/wp\/v2\/media\/44633"}],"wp:attachment":[{"href":"https:\/\/www.radiopresidenteibanez.cl\/web\/wp-json\/wp\/v2\/media?parent=44631"}],"wp:term":[{"taxonomy":"category","embeddable":true,"href":"https:\/\/www.radiopresidenteibanez.cl\/web\/wp-json\/wp\/v2\/categories?post=44631"},{"taxonomy":"post_tag","embeddable":true,"href":"https:\/\/www.radiopresidenteibanez.cl\/web\/wp-json\/wp\/v2\/tags?post=44631"}],"curies":[{"name":"wp","href":"https:\/\/api.w.org\/{rel}","templated":true}]}}