{"id":44600,"date":"2023-12-05T09:16:00","date_gmt":"2023-12-05T12:16:00","guid":{"rendered":"https:\/\/www.radiopresidenteibanez.cl\/web\/?p=44600"},"modified":"2023-12-05T08:20:09","modified_gmt":"2023-12-05T11:20:09","slug":"trabajo-y-medio-ambiente-preparan-taller-online-sobre-empleos-verdes","status":"publish","type":"post","link":"https:\/\/www.radiopresidenteibanez.cl\/web\/trabajo-y-medio-ambiente-preparan-taller-online-sobre-empleos-verdes\/","title":{"rendered":"TRABAJO Y MEDIO AMBIENTE PREPARAN TALLER ONLINE SOBRE EMPLEOS VERDES"},"content":{"rendered":"\n<p>Este jueves 7 de diciembre, las Seremis de Medio<br>Ambiente y Trabajo desarrollar\u00e1n en conjunto el primer taller online que dar\u00e1 a conocer las<br>oportunidades ya presentes en la regi\u00f3n en torno a los llamados \u201cempleos verdes\u201d.<br>La actividad se realizar\u00e1 a las 9:00 horas de este jueves 7 de diciembre, en formato virtual y<br>contar\u00e1 con expositores regionales de la Seremi de Medio Ambiente, el Observatorio Laboral de<br>Magallanes y ChileValora con el objetivo de informar sobre la prospecci\u00f3n de empleos ligados con<br>la industria medioambiental, la econom\u00eda circular y otros relacionados con reciclaje y con servicios<br>asociados a los rubros insertos en la zona.<br>Asimismo, la actividad contar\u00e1 con la exposici\u00f3n de una experiencia local de empleo relacionada<br>con la industria del reciclaje, que demostrar\u00e1 en la pr\u00e1ctica, c\u00f3mo avanza la posibilidad de acceso<br>a trabajos de esta \u00edndole en la regi\u00f3n y, a trav\u00e9s de ella, uno de los objetivos es gestionar acciones<br>para certificaciones de competencias en el \u00e1rea.<br>\u201cEfectivamente, estamos haciendo un llamado muy importante a la comunidad local,<br>especialmente, a empresas, a estudiantes y a todas las personas interesadas en lo que est\u00e1<br>ocurriendo con los empleos verdes. Junto a la Seremi de Medio Ambiente hemos organizado este<br>taller online para mostrar a la comunidad las nuevas oportunidades que existen en este rubro, con<br>datos y con experiencias concretas, as\u00ed que invitamos a todas y todos a inscribirse para ser parte<br>de este seminario virtual\u201d, expres\u00f3 la Seremi del Trabajo, Doris Sandoval Miranda.<br>Al respecto, la Seremi de Medio Ambiente, Daniela Droguett Caro, recalc\u00f3 que \u201cpara el Ministerio<br>del Medio Ambiente es muy relevante impulsar acciones que fortalezcan la econom\u00eda circular. La<br>Ley de Responsabilidad Extendida del Productor nos permite avanzar en la valorizaci\u00f3n y gesti\u00f3n<br>de residuos prioritarios que involucra a diversos actores. Uno de estos actores son los recicladores<br>de base y con este taller, buscamos avanzar en una futura certificaci\u00f3n, gracias a las<br>coordinaciones con Chile Valora, Sence y la Seremi del Trabajo\u201d.<br>Para hacer efectiva la inscripci\u00f3n al taller, se debe acceder a un enlace de inscripci\u00f3n, que llevar\u00e1 a<br>las personas a un formulario de Google. Una vez hecha la debida inscripci\u00f3n, el d\u00eda previo a la<br>actividad, recibir\u00e1n un enlace de la plataforma zoom para acceder al taller.<br>El link para realizar la inscripci\u00f3n es https:\/\/bit.ly\/TallerEmpleosVerdes.<\/p>\n","protected":false},"excerpt":{"rendered":"<p>Este jueves 7 de diciembre, las Seremis de MedioAmbiente y Trabajo desarrollar\u00e1n en conjunto el primer taller online que dar\u00e1 a conocer lasoportunidades ya presentes en la regi\u00f3n en torno&#8230; <a class=\"read-more\" href=\"https:\/\/www.radiopresidenteibanez.cl\/web\/trabajo-y-medio-ambiente-preparan-taller-online-sobre-empleos-verdes\/\">Leer m\u00e1s<\/a><\/p>\n","protected":false},"author":2,"featured_media":44601,"comment_status":"closed","ping_status":"closed","sticky":false,"template":"","format":"standard","meta":{"footnotes":""},"categories":[1],"tags":[],"class_list":["post-44600","post","type-post","status-publish","format-standard","has-post-thumbnail","hentry","category-cronica"],"_links":{"self":[{"href":"https:\/\/www.radiopresidenteibanez.cl\/web\/wp-json\/wp\/v2\/posts\/44600","targetHints":{"allow":["GET"]}}],"collection":[{"href":"https:\/\/www.radiopresidenteibanez.cl\/web\/wp-json\/wp\/v2\/posts"}],"about":[{"href":"https:\/\/www.radiopresidenteibanez.cl\/web\/wp-json\/wp\/v2\/types\/post"}],"author":[{"embeddable":true,"href":"https:\/\/www.radiopresidenteibanez.cl\/web\/wp-json\/wp\/v2\/users\/2"}],"replies":[{"embeddable":true,"href":"https:\/\/www.radiopresidenteibanez.cl\/web\/wp-json\/wp\/v2\/comments?post=44600"}],"version-history":[{"count":0,"href":"https:\/\/www.radiopresidenteibanez.cl\/web\/wp-json\/wp\/v2\/posts\/44600\/revisions"}],"wp:featuredmedia":[{"embeddable":true,"href":"https:\/\/www.radiopresidenteibanez.cl\/web\/wp-json\/wp\/v2\/media\/44601"}],"wp:attachment":[{"href":"https:\/\/www.radiopresidenteibanez.cl\/web\/wp-json\/wp\/v2\/media?parent=44600"}],"wp:term":[{"taxonomy":"category","embeddable":true,"href":"https:\/\/www.radiopresidenteibanez.cl\/web\/wp-json\/wp\/v2\/categories?post=44600"},{"taxonomy":"post_tag","embeddable":true,"href":"https:\/\/www.radiopresidenteibanez.cl\/web\/wp-json\/wp\/v2\/tags?post=44600"}],"curies":[{"name":"wp","href":"https:\/\/api.w.org\/{rel}","templated":true}]}}