{"id":4460,"date":"2019-04-27T02:55:30","date_gmt":"2019-04-27T02:55:30","guid":{"rendered":"http:\/\/www.radiopresidenteibanez.cl\/web\/?p=4460"},"modified":"2019-05-23T03:00:09","modified_gmt":"2019-05-23T03:00:09","slug":"sercotec-magallanes-abre-convocatoria-a-fortalecimiento-gremial-y-cooperativo-2019","status":"publish","type":"post","link":"https:\/\/www.radiopresidenteibanez.cl\/web\/sercotec-magallanes-abre-convocatoria-a-fortalecimiento-gremial-y-cooperativo-2019\/","title":{"rendered":"SERCOTEC MAGALLANES ABRE CONVOCATORIA A FORTALECIMIENTO GREMIAL Y COOPERATIVO 2019"},"content":{"rendered":"\n<p>El Servicio de Cooperaci\u00f3n T\u00e9cnica, Sercotec, de Magallanes y Ant\u00e1rtica Chilena abri\u00f3 hoy su convocatoria para el programa Fortalecimiento Gremial y Cooperativo 2019, fondo concursable destinado a apoyar la creaci\u00f3n y la consolidaci\u00f3n de asociaciones de micro y peque\u00f1os empresarios y de cooperativas. Al respecto, la directora regional de Sercotec Magallanes, Mar\u00eda Soledad Solo de Zald\u00edvar, se\u00f1al\u00f3 que \u201cse abrieron las postulaciones a todo lo que es el Fortalecimiento Gremial y Cooperativo. En cuanto a los gremios tenemos dos l\u00edneas, una que es la creaci\u00f3n y el desarrollo donde pueden postular hasta $4 millones de pesos. Estas son personas naturales y jur\u00eddicas y que deben tener a lo menos el 50% de los socios iniciaci\u00f3n de actividades y como segunda l\u00ednea lo que es el fortalecimiento gremial, es para todos aquellos gremios que est\u00e1n formalizados y la idea ac\u00e1 es que busquen mejorar sus capacidades de gesti\u00f3n y puedan ofrecer nuevos y mejores servicios a sus asociados y el monto a postular es hasta $6 millones de pesos\u201d.A eso agreg\u00f3 que \u201cen cuanto a cooperativas, esto est\u00e1 orientado a micro y peque\u00f1as empresas para que se puedan conformar por ejemplo como una cooperativa agr\u00edcola, puede ser pesquera, todo lo que tenga relaci\u00f3n con tener fines productivos y en cuanto a la creaci\u00f3n y el desarrollo de las cooperativas es hasta $8 millones de pesos lo que pueden postular y para el fortalecimiento cooperativo, esto es para toda las cooperativas que ya est\u00e1n creadas y pueden postular a un m\u00e1ximo de $10 millones de pesos. El \u00fanico requisito ac\u00e1 es tener ventas inferiores anuales a las 25.000 UF. Recordarles que el cofinanciamiento por parte tanto de los gremios como de las cooperativas es del 20% y las postulaciones est\u00e1n abiertas hasta el d\u00eda 16 de mayo\u201d.Lo que puedes financiar es asistencia t\u00e9cnica y asesor\u00eda en gesti\u00f3n, capacitaci\u00f3n, acciones de marketing, activos, infraestructura y gastos de formalizaci\u00f3n. Con esto, se busca contribuir a que las agrupaciones se formalicen, afiancen la asociatividad, mejoren su capacidad de gesti\u00f3n y puedan ofrecer nuevos servicios a sus asociados.                                                                                 Importante se\u00f1alar que la convocatoria abri\u00f3 hoy y culmina el martes 16 de mayo a las 15:00 horas.Destacar que desde este a\u00f1o, la postulaci\u00f3n al programa Fortalecimiento Gremial y Cooperativo se realiza por internet en www.sercotec.cl , a diferencia de los a\u00f1os anteriores que se hac\u00eda presencial.Para m\u00e1s informaci\u00f3n y apoyo en la postulaci\u00f3n, vis\u00edtanos en la Direcci\u00f3n Regional de Sercotec Magallanes ubicada en Calle Roca 817 oficina 24 o llama al 61 2 244570 \/ 229951. Adem\u00e1s, puedes visitar nuestros Centros de Negocios Sercotec ubicado en las 4 provincias de la Regi\u00f3n.<\/p>\n\n\n\n<figure class=\"wp-block-image\"><img loading=\"lazy\" decoding=\"async\" width=\"1024\" height=\"825\" src=\"http:\/\/www.radiopresidenteibanez.cl\/web\/wp-content\/uploads\/2019\/05\/Fortalecimiento-Gremial-1024x825.jpg\" alt=\"\" class=\"wp-image-4461\" srcset=\"https:\/\/www.radiopresidenteibanez.cl\/web\/wp-content\/uploads\/2019\/05\/Fortalecimiento-Gremial-1024x825.jpg 1024w, https:\/\/www.radiopresidenteibanez.cl\/web\/wp-content\/uploads\/2019\/05\/Fortalecimiento-Gremial-300x242.jpg 300w, https:\/\/www.radiopresidenteibanez.cl\/web\/wp-content\/uploads\/2019\/05\/Fortalecimiento-Gremial-768x619.jpg 768w, https:\/\/www.radiopresidenteibanez.cl\/web\/wp-content\/uploads\/2019\/05\/Fortalecimiento-Gremial.jpg 1080w\" sizes=\"auto, (max-width: 1024px) 100vw, 1024px\" \/><\/figure>\n","protected":false},"excerpt":{"rendered":"<p>El Servicio de Cooperaci\u00f3n T\u00e9cnica, Sercotec, de Magallanes y Ant\u00e1rtica Chilena abri\u00f3 hoy su convocatoria para el programa Fortalecimiento Gremial y Cooperativo 2019, fondo concursable destinado a apoyar la creaci\u00f3n&#8230; <a class=\"read-more\" href=\"https:\/\/www.radiopresidenteibanez.cl\/web\/sercotec-magallanes-abre-convocatoria-a-fortalecimiento-gremial-y-cooperativo-2019\/\">Leer m\u00e1s<\/a><\/p>\n","protected":false},"author":2,"featured_media":4461,"comment_status":"closed","ping_status":"closed","sticky":false,"template":"","format":"standard","meta":{"footnotes":""},"categories":[1],"tags":[],"class_list":["post-4460","post","type-post","status-publish","format-standard","has-post-thumbnail","hentry","category-cronica"],"_links":{"self":[{"href":"https:\/\/www.radiopresidenteibanez.cl\/web\/wp-json\/wp\/v2\/posts\/4460","targetHints":{"allow":["GET"]}}],"collection":[{"href":"https:\/\/www.radiopresidenteibanez.cl\/web\/wp-json\/wp\/v2\/posts"}],"about":[{"href":"https:\/\/www.radiopresidenteibanez.cl\/web\/wp-json\/wp\/v2\/types\/post"}],"author":[{"embeddable":true,"href":"https:\/\/www.radiopresidenteibanez.cl\/web\/wp-json\/wp\/v2\/users\/2"}],"replies":[{"embeddable":true,"href":"https:\/\/www.radiopresidenteibanez.cl\/web\/wp-json\/wp\/v2\/comments?post=4460"}],"version-history":[{"count":0,"href":"https:\/\/www.radiopresidenteibanez.cl\/web\/wp-json\/wp\/v2\/posts\/4460\/revisions"}],"wp:featuredmedia":[{"embeddable":true,"href":"https:\/\/www.radiopresidenteibanez.cl\/web\/wp-json\/wp\/v2\/media\/4461"}],"wp:attachment":[{"href":"https:\/\/www.radiopresidenteibanez.cl\/web\/wp-json\/wp\/v2\/media?parent=4460"}],"wp:term":[{"taxonomy":"category","embeddable":true,"href":"https:\/\/www.radiopresidenteibanez.cl\/web\/wp-json\/wp\/v2\/categories?post=4460"},{"taxonomy":"post_tag","embeddable":true,"href":"https:\/\/www.radiopresidenteibanez.cl\/web\/wp-json\/wp\/v2\/tags?post=4460"}],"curies":[{"name":"wp","href":"https:\/\/api.w.org\/{rel}","templated":true}]}}