{"id":44549,"date":"2023-12-01T17:47:00","date_gmt":"2023-12-01T20:47:00","guid":{"rendered":"https:\/\/www.radiopresidenteibanez.cl\/web\/?p=44549"},"modified":"2023-12-01T11:46:07","modified_gmt":"2023-12-01T14:46:07","slug":"balance-aporte-familiar-permanente-2023-mas-de-9-mil-familias-de-menores-ingresos-ya-han-recibido-el-beneficio","status":"publish","type":"post","link":"https:\/\/www.radiopresidenteibanez.cl\/web\/balance-aporte-familiar-permanente-2023-mas-de-9-mil-familias-de-menores-ingresos-ya-han-recibido-el-beneficio\/","title":{"rendered":"BALANCE APORTE FAMILIAR PERMANENTE 2023: \u00abMAS DE 9 MIL FAMILIAS DE MENORES INGRESOS YA HAN RECIBIDO EL BENEFICIO\u00bb"},"content":{"rendered":"\n<p>Un positivo balance realiz\u00f3 la SEREMI del Trabajo y Previsi\u00f3n Social, Doris Sandoval Miranda,<br>junto a la directora (Sub) del IPS Magallanes, Julia Mu\u00f1oz Canales, respecto del pago del<br>Aporte Familiar Permanente 2023, tambi\u00e9n conocido como ex Bono Marzo. El beneficio de<br>este a\u00f1o ya ha llegado a 1 mill\u00f3n 474 mil 510 familias a nivel nacional, quienes en conjunto<br>han recibido 2 millones 985 mil 559 aportes familiares.<br>En total y en todo el pa\u00eds, el Estado ha destinado m\u00e1s de 356 mil 610 millones de pesos en la<br>entrega de esta ayuda econ\u00f3mica a las familias de menores ingresos. En la Regi\u00f3n de<br>Magallanes, son cerca de 2 mil 88 millones de pesos los que se han entregado.<br>M\u00e1s all\u00e1 de la gran cantidad de personas que han cobrado, las autoridades coincidieron en<br>hacer un llamado a un grupo que tiene su pago pendiente, a cobrar su beneficio a tiempo.<br>\u201cEn nuestra regi\u00f3n, nos es grato anunciar hoy que m\u00e1s de 9 mil familias de menores ingresos<br>ya han recibido el Aporte Familiar Permanente de este a\u00f1o. Si bien la gran mayor\u00eda de las<br>personas beneficiarias ya obtuvo esta ayuda estatal, tanto su beneficio regular que se paga<br>cada a\u00f1o, como el que se pag\u00f3 luego, de forma extraordinaria, a\u00fan quedan alrededor de<br>ciento noventa y dos personas con pago presencial que, teniendo derecho a este bono, no se<br>han acercado a retirarlo. A ellas va dirigido, especialmente, este llamado\u201d, se\u00f1al\u00f3 la SEREMI<br>Doris Sandoval Miranda.<br>Este pago se efect\u00faa, principalmente, en locales de la Caja de Compensaci\u00f3n Los H\u00e9roes. Por<br>eso, es necesario insistir con el llamado a quienes crean cumplir los requisitos para recibir este<br>bono, para que revisen en www.aportefamiliar.cl si tienen derecho y retiren a tiempo su<br>dinero, ya que se trata -en su mayor\u00eda- de personas trabajadoras que reciben, adem\u00e1s, el<\/p>\n\n\n\n<p>Contacto prensa regional Red ChileAtiende del IPS: Mauricio Donoso, +569 8938 3169<br>beneficio de Asignaci\u00f3n Familiar y que, al no tener registrada una cuenta bancaria, deben<br>cobrar en forma presencial.<br>En la ocasi\u00f3n, la directora (Sub) regional del IPS, Julia Mu\u00f1oz, record\u00f3 que es importante<br>cobrar el beneficio dentro del plazo legal de nueve meses (desde que se emiti\u00f3 el pago),<br>adem\u00e1s de mencionar todos los esfuerzos que realiza la Instituci\u00f3n para que las personas<br>cobren sus bonos. \u201cEl vencimiento de los primeros aportes se cumple ahora, en diciembre,<br>para quienes deb\u00edan cobrar presencialmente. En el IPS hemos enviado m\u00e1s de 11 mil correos<br>electr\u00f3nicos y mensajes de texto o voz, para contactar a personas que no hab\u00edan ido a cobrar.<br>Tambi\u00e9n se han realizado dep\u00f3sitos del beneficio a aquellas personas que en este \u00faltimo<br>tiempo han abierto alguna cuenta bancaria, para asegurar su pago en esos casos\u201d, explic\u00f3.<br>Para este a\u00f1o 2023, el Aporte Familiar Permanente ascendi\u00f3 a la suma de $59.452 por carga<br>familiar o familia, seg\u00fan el tipo de beneficiario. Posteriormente, de forma excepcional, el<br>Gobierno entreg\u00f3 un pago extraordinario de $60.000 del ex Bono Marzo, como una de las<br>medidas para la seguridad econ\u00f3mica de las familias chilenas.<\/p>\n","protected":false},"excerpt":{"rendered":"<p>Un positivo balance realiz\u00f3 la SEREMI del Trabajo y Previsi\u00f3n Social, Doris Sandoval Miranda,junto a la directora (Sub) del IPS Magallanes, Julia Mu\u00f1oz Canales, respecto del pago delAporte Familiar Permanente&#8230; <a class=\"read-more\" href=\"https:\/\/www.radiopresidenteibanez.cl\/web\/balance-aporte-familiar-permanente-2023-mas-de-9-mil-familias-de-menores-ingresos-ya-han-recibido-el-beneficio\/\">Leer m\u00e1s<\/a><\/p>\n","protected":false},"author":2,"featured_media":44550,"comment_status":"closed","ping_status":"closed","sticky":false,"template":"","format":"standard","meta":{"footnotes":""},"categories":[1],"tags":[],"class_list":["post-44549","post","type-post","status-publish","format-standard","has-post-thumbnail","hentry","category-cronica"],"_links":{"self":[{"href":"https:\/\/www.radiopresidenteibanez.cl\/web\/wp-json\/wp\/v2\/posts\/44549","targetHints":{"allow":["GET"]}}],"collection":[{"href":"https:\/\/www.radiopresidenteibanez.cl\/web\/wp-json\/wp\/v2\/posts"}],"about":[{"href":"https:\/\/www.radiopresidenteibanez.cl\/web\/wp-json\/wp\/v2\/types\/post"}],"author":[{"embeddable":true,"href":"https:\/\/www.radiopresidenteibanez.cl\/web\/wp-json\/wp\/v2\/users\/2"}],"replies":[{"embeddable":true,"href":"https:\/\/www.radiopresidenteibanez.cl\/web\/wp-json\/wp\/v2\/comments?post=44549"}],"version-history":[{"count":0,"href":"https:\/\/www.radiopresidenteibanez.cl\/web\/wp-json\/wp\/v2\/posts\/44549\/revisions"}],"wp:featuredmedia":[{"embeddable":true,"href":"https:\/\/www.radiopresidenteibanez.cl\/web\/wp-json\/wp\/v2\/media\/44550"}],"wp:attachment":[{"href":"https:\/\/www.radiopresidenteibanez.cl\/web\/wp-json\/wp\/v2\/media?parent=44549"}],"wp:term":[{"taxonomy":"category","embeddable":true,"href":"https:\/\/www.radiopresidenteibanez.cl\/web\/wp-json\/wp\/v2\/categories?post=44549"},{"taxonomy":"post_tag","embeddable":true,"href":"https:\/\/www.radiopresidenteibanez.cl\/web\/wp-json\/wp\/v2\/tags?post=44549"}],"curies":[{"name":"wp","href":"https:\/\/api.w.org\/{rel}","templated":true}]}}