{"id":44543,"date":"2023-12-01T15:09:00","date_gmt":"2023-12-01T18:09:00","guid":{"rendered":"https:\/\/www.radiopresidenteibanez.cl\/web\/?p=44543"},"modified":"2023-12-01T11:10:55","modified_gmt":"2023-12-01T14:10:55","slug":"en-diversos-sectores-de-natales-autoridades-difunden-el-fono-denuncia-seguro-4242","status":"publish","type":"post","link":"https:\/\/www.radiopresidenteibanez.cl\/web\/en-diversos-sectores-de-natales-autoridades-difunden-el-fono-denuncia-seguro-4242\/","title":{"rendered":"EN DIVERSOS SECTORES DE NATALES AUTORIDADES DIFUNDEN EL FONO DENUNCIA SEGURO *4242"},"content":{"rendered":"\n<p>Una intensa jornada de difusi\u00f3n del programa Denuncia Seguro se realiz\u00f3 ayer en la comuna de<br>Natales, donde se reforz\u00f3 en la comunidad el uso del fono *4242 para la entrega de informaci\u00f3n<br>delictual de manera an\u00f3nima.<br>Participaci\u00f3n en el Gobierno en Terreno efectuado en el sector de Dorotea, visita al paso<br>fronterizo Dorotea, charla en la Uni\u00f3n Comunal de Adultos Mayores y la entrega de volantes<br>informativos en el centro de la comuna, fueron las actividades desarrolladas para llegar a los<br>vecinos y vecinas, y de este modo conozcan la v\u00eda de denuncia an\u00f3nima, gratuita y que funciona<br>las 24 horas, los 7 d\u00edas de la semana.<br>Las actividades estuvieron lideradas por la delegada presidencial provincial de \u00daltima Esperanza,<br>Romina \u00c1lvarez; y cont\u00f3 con la asistencia de la coordinadora regional de Seguridad P\u00fablica, Carla<br>Barrientos; las profesionales del programa Denuncia Seguro Nicole Guerrero y Virginia Cerda; la<br>encargada de Seguridad P\u00fablica de la Municipalidad de Punta Arenas, Paula Mart\u00ednez; funcionarios<br>de Carabineros, PDI y profesionales de SENDA.<br>Seg\u00fan los datos proporcionados por el programa Denuncia Seguro, dependiente de la<br>Subsecretar\u00eda de Prevenci\u00f3n del Delito, este a\u00f1o se ha registrado un aumento del 75% en los<br>llamados de Natales, lo que se espera seguir aumentando para que se investiguen delitos que<br>est\u00e1n afectando a la comunidad, y que por diversos motivos no se denuncian en las polic\u00edas o<br>fiscal\u00eda.<br>Llamado a la denuncia<br>La delegada presidencial provincial de \u00daltima Esperanza, Romina \u00c1lvarez, detall\u00f3 que se<br>recorrieron diversos puntos de la ciudad dando a conocer el fono Denuncia Seguro *4242, que es<br>\u201ccien por ciento an\u00f3nimo, que es una caracter\u00edstica muy importante para que la comunidad se<br>pueda cuidar y, al mismo tiempo, cuide a sus vecinos. Sabemos que velar por la seguridad es una<br>labor de todos y todas, as\u00ed que esperamos contar con los vecinos y vecinas para poder sociabilizar<br>este n\u00famero\u201d.<br>En tanto, la coordinadora regional de Seguridad P\u00fablica, Carla Barrientos enfatiz\u00f3 que durante<br>esta \u00e9poca de fin de a\u00f1o aumenta la adquisici\u00f3n de productos por parte de la comunidad \u201cy es<br>importante que las personas sepan que, ante cualquier detecci\u00f3n de venta de productos sin origen<br>conocido, falsificados o incluso robados, pueden entregar esa informaci\u00f3n al fono Denuncia<br>Seguro, llamando al *4242, donde no se solicitan antecedentes personales, solo requerimos la<br>informaci\u00f3n sobre el hecho il\u00edcito que est\u00e1 ocurriendo. Es importante que todos, desde nuestro<br>rol, podamos contribuir a la seguridad\u201d, destac\u00f3.<br>Desde la mirada policial, el capit\u00e1n Arturo Alvarado subray\u00f3 que la instancia de difusi\u00f3n permite<br>relevar la importancia de la denuncia, porque \u201ces clave para que las instituciones funcionen, para<br>que las instituciones creen estrategias preventivas y, en el caso particular de Carabineros de Chile,<br>es necesario porque los procedimientos, procesos y servicios que efectuamos, se enmarcan en la<\/p>\n\n\n\n<p>normativa y en la informaci\u00f3n que nos entrega la ciudadan\u00eda mediante la denuncia, as\u00ed que el<br>llamado es a denunciar de forma segura, ya sea en las instituciones establecidas para estos efectos<br>o a trav\u00e9s del *4242\u201d, inst\u00f3 el funcionario de la segunda comisar\u00eda.<br>La encargada de Seguridad P\u00fablica de la Municipalidad de Natales, Paula Mart\u00ednez confirm\u00f3 que se<br>est\u00e1 efectuando el patrullaje mixto en el territorio, que significa que un funcionario municipal y de<br>Carabineros, est\u00e1n llevando adelante diversos recorridos por la ciudad generando prevenci\u00f3n y<br>vinculaci\u00f3n con la comunidad.<br>\u201cGracias a la patrulla mixta se ha apoyado la labor de Carabineros en t\u00e9rminos de responder a<br>incivilidades y factores de riesgo para prevenir hechos en el mismo patrullaje\u201d, manifest\u00f3 la<br>abogada, agregando que la denuncia permite reducir la cifra oculta de delitos, por lo que llam\u00f3 a<br>la comunidad a utilizar los canales policiales o el fono Denuncia Seguro para reportar los il\u00edcitos<br>que ocurran en entorno.<br>Adem\u00e1s del fono *4242, las personas pueden informar los hechos delictuales en la p\u00e1gina web<br>www.denunciaseguro.cl, que tambi\u00e9n es un canal an\u00f3nimo.<\/p>\n","protected":false},"excerpt":{"rendered":"<p>Una intensa jornada de difusi\u00f3n del programa Denuncia Seguro se realiz\u00f3 ayer en la comuna deNatales, donde se reforz\u00f3 en la comunidad el uso del fono *4242 para la entrega&#8230; <a class=\"read-more\" href=\"https:\/\/www.radiopresidenteibanez.cl\/web\/en-diversos-sectores-de-natales-autoridades-difunden-el-fono-denuncia-seguro-4242\/\">Leer m\u00e1s<\/a><\/p>\n","protected":false},"author":2,"featured_media":44544,"comment_status":"closed","ping_status":"closed","sticky":false,"template":"","format":"standard","meta":{"footnotes":""},"categories":[1],"tags":[],"class_list":["post-44543","post","type-post","status-publish","format-standard","has-post-thumbnail","hentry","category-cronica"],"_links":{"self":[{"href":"https:\/\/www.radiopresidenteibanez.cl\/web\/wp-json\/wp\/v2\/posts\/44543","targetHints":{"allow":["GET"]}}],"collection":[{"href":"https:\/\/www.radiopresidenteibanez.cl\/web\/wp-json\/wp\/v2\/posts"}],"about":[{"href":"https:\/\/www.radiopresidenteibanez.cl\/web\/wp-json\/wp\/v2\/types\/post"}],"author":[{"embeddable":true,"href":"https:\/\/www.radiopresidenteibanez.cl\/web\/wp-json\/wp\/v2\/users\/2"}],"replies":[{"embeddable":true,"href":"https:\/\/www.radiopresidenteibanez.cl\/web\/wp-json\/wp\/v2\/comments?post=44543"}],"version-history":[{"count":0,"href":"https:\/\/www.radiopresidenteibanez.cl\/web\/wp-json\/wp\/v2\/posts\/44543\/revisions"}],"wp:featuredmedia":[{"embeddable":true,"href":"https:\/\/www.radiopresidenteibanez.cl\/web\/wp-json\/wp\/v2\/media\/44544"}],"wp:attachment":[{"href":"https:\/\/www.radiopresidenteibanez.cl\/web\/wp-json\/wp\/v2\/media?parent=44543"}],"wp:term":[{"taxonomy":"category","embeddable":true,"href":"https:\/\/www.radiopresidenteibanez.cl\/web\/wp-json\/wp\/v2\/categories?post=44543"},{"taxonomy":"post_tag","embeddable":true,"href":"https:\/\/www.radiopresidenteibanez.cl\/web\/wp-json\/wp\/v2\/tags?post=44543"}],"curies":[{"name":"wp","href":"https:\/\/api.w.org\/{rel}","templated":true}]}}