{"id":44540,"date":"2023-12-01T13:49:00","date_gmt":"2023-12-01T16:49:00","guid":{"rendered":"https:\/\/www.radiopresidenteibanez.cl\/web\/?p=44540"},"modified":"2023-12-01T11:03:33","modified_gmt":"2023-12-01T14:03:33","slug":"orquesta-sinfonica-umag-brindara-concierto-de-musica-de-peliculas-en-cine-sinfonico","status":"publish","type":"post","link":"https:\/\/www.radiopresidenteibanez.cl\/web\/orquesta-sinfonica-umag-brindara-concierto-de-musica-de-peliculas-en-cine-sinfonico\/","title":{"rendered":"ORQUESTA SINFONICA UMAG BRINDARA CONCIERTO DE MUSICA DE PELICULAS EN \u00abCINE SINFONICO\u00bb"},"content":{"rendered":"\n<p>La Orquesta Sinf\u00f3nica de la Universidad de Magallanes ofrecer\u00e1 a toda la comunidad magall\u00e1nica su espect\u00e1culo \u00abCinema Sinf\u00f3nico II\u00bb, \u00a0este pr\u00f3ximo s\u00e1bado 02 de diciembre a las 19.00 horas en el Gimnasio del Liceo Mar\u00eda Auxiliadora.<br>El repertorio abarcar\u00e1 piezas emblem\u00e1ticas del s\u00e9ptimo arte, con m\u00fasica de pel\u00edculas como \u00abEl Imperio contraataca\u00bb, \u00abTitanic\u00bb, \u00abEl Se\u00f1or de los Anillos\u00bb y Amor sin barreras\u00bb, entre otras. La direcci\u00f3n general es de Ricardo Colima y desde Argentina viene Mariano Mosso en calidad de director invitado. El recital tambi\u00e9n incluye la participaci\u00f3n del Coro de Estudiantes de la carrera de Pedagog\u00eda en Artes Musicales de la UMAG, dirigido por Fernando Alarc\u00f3n y Gonzalo Fern\u00e1ndez.<br>La entrada a este evento organizado por la Vicerrector\u00eda de Vinculaci\u00f3n con el Medio UMAG es gratuita.<\/p>\n","protected":false},"excerpt":{"rendered":"<p>La Orquesta Sinf\u00f3nica de la Universidad de Magallanes ofrecer\u00e1 a toda la comunidad magall\u00e1nica su espect\u00e1culo \u00abCinema Sinf\u00f3nico II\u00bb, \u00a0este pr\u00f3ximo s\u00e1bado 02 de diciembre a las 19.00 horas en&#8230; <a class=\"read-more\" href=\"https:\/\/www.radiopresidenteibanez.cl\/web\/orquesta-sinfonica-umag-brindara-concierto-de-musica-de-peliculas-en-cine-sinfonico\/\">Leer m\u00e1s<\/a><\/p>\n","protected":false},"author":2,"featured_media":44541,"comment_status":"closed","ping_status":"closed","sticky":false,"template":"","format":"standard","meta":{"footnotes":""},"categories":[1],"tags":[],"class_list":["post-44540","post","type-post","status-publish","format-standard","has-post-thumbnail","hentry","category-cronica"],"_links":{"self":[{"href":"https:\/\/www.radiopresidenteibanez.cl\/web\/wp-json\/wp\/v2\/posts\/44540","targetHints":{"allow":["GET"]}}],"collection":[{"href":"https:\/\/www.radiopresidenteibanez.cl\/web\/wp-json\/wp\/v2\/posts"}],"about":[{"href":"https:\/\/www.radiopresidenteibanez.cl\/web\/wp-json\/wp\/v2\/types\/post"}],"author":[{"embeddable":true,"href":"https:\/\/www.radiopresidenteibanez.cl\/web\/wp-json\/wp\/v2\/users\/2"}],"replies":[{"embeddable":true,"href":"https:\/\/www.radiopresidenteibanez.cl\/web\/wp-json\/wp\/v2\/comments?post=44540"}],"version-history":[{"count":0,"href":"https:\/\/www.radiopresidenteibanez.cl\/web\/wp-json\/wp\/v2\/posts\/44540\/revisions"}],"wp:featuredmedia":[{"embeddable":true,"href":"https:\/\/www.radiopresidenteibanez.cl\/web\/wp-json\/wp\/v2\/media\/44541"}],"wp:attachment":[{"href":"https:\/\/www.radiopresidenteibanez.cl\/web\/wp-json\/wp\/v2\/media?parent=44540"}],"wp:term":[{"taxonomy":"category","embeddable":true,"href":"https:\/\/www.radiopresidenteibanez.cl\/web\/wp-json\/wp\/v2\/categories?post=44540"},{"taxonomy":"post_tag","embeddable":true,"href":"https:\/\/www.radiopresidenteibanez.cl\/web\/wp-json\/wp\/v2\/tags?post=44540"}],"curies":[{"name":"wp","href":"https:\/\/api.w.org\/{rel}","templated":true}]}}