{"id":44521,"date":"2023-12-01T08:23:00","date_gmt":"2023-12-01T11:23:00","guid":{"rendered":"https:\/\/www.radiopresidenteibanez.cl\/web\/?p=44521"},"modified":"2023-12-01T08:16:26","modified_gmt":"2023-12-01T11:16:26","slug":"familias-visitaron-departamento-piloto-en-condominio-vista-monte-tarn","status":"publish","type":"post","link":"https:\/\/www.radiopresidenteibanez.cl\/web\/familias-visitaron-departamento-piloto-en-condominio-vista-monte-tarn\/","title":{"rendered":"FAMILIAS VISITARON DEPARTAMENTO PILOTO EN CONDOMINIO VISTA MONTE TARN"},"content":{"rendered":"\n<p>Uno de los momentos m\u00e1s significativos en el proceso de obtenci\u00f3n de sus viviendas sin deuda vivieron este jueves, un grupo de 120 familias al visitar el departamento piloto del Condominio Vista Monte Tarn, proyecto que se construye al sur de Punta Arenas con subsidios del Programa Fondo Solidario de Elecci\u00f3n de Vivienda (D.S.N\u00b049).<\/p>\n\n\n\n<p>La actividad a cargo de la Entidad Patrocinante del Serviu Magallanes como parte del Plan de Acompa\u00f1amiento Social, cont\u00f3 con la asistencia del Delegado Presidencial Regional, Jos\u00e9 Ruiz Pivcevic, el Seremi de Vivienda y Urbanismo, Marco Uribe Saldivia y el Director Regional (S) del Serviu, Omar Gonz\u00e1lez Asenjo.<\/p>\n\n\n\n<p>En la ocasi\u00f3n, el Delegado Presidencial Regional, Jos\u00e9 Ruiz Pivcevic destac\u00f3 \u201cQuiero recalcar enormemente el gran trabajo que ha realizado la Seremi de Vivienda, no solamente con las m\u00e1s de 1300 casas que ya se han entregado, sino las 2600 que est\u00e1n en construcci\u00f3n. Eso es un tremendo logro que tiene la Regi\u00f3n de Magallanes y de la Ant\u00e1rtica Chilena y que tambi\u00e9n se ha refrendado a ra\u00edz del presupuesto que se viene el otro a\u00f1o que va a aumentar un 18% en Magallanes cuando a nivel central es de un 11,9%. Eso es un tremendo respaldo a la gesti\u00f3n que ha realizado ac\u00e1 y como Gobierno del Presidente Gabriel Boric seguiremos trabajando d\u00eda a d\u00eda por cumplir la necesidad que requiere el pueblo chileno\u201d, puntualiz\u00f3.<\/p>\n\n\n\n<p>El proyecto Condominio Vista Monte Tarn presenta un 53 por ciento de avance, lo que fue valorado por las familias que ingresaron a la obra. Respecto al plazo de ejecuci\u00f3n e inversi\u00f3n del Ministerio de Vivienda y Urbanismo, el Seremi de la cartera, Marco Uribe Saldivia, inform\u00f3 \u201cEste&nbsp;conjunto habitacional consta de 120 departamentos pr\u00f3ximos a entregar durante el primer semestre del 2024 que se van a sumar a nuestro avance en el Plan de Emergencia Habitacional, el cual lleva un 70% y tambi\u00e9n con la ejecuci\u00f3n de m\u00e1s de 2.600 viviendas hoy d\u00eda, una cifra hist\u00f3rica a nivel regional. La inversi\u00f3n de este conjunto habitacional es de m\u00e1s de 6.500 millones de pesos sectoriales y son departamentos de 62 m2 que van a llegar ac\u00e1 al sector sur\u201d.<\/p>\n\n\n\n<p><strong>Plan de Acompa\u00f1amiento Social<\/strong><\/p>\n\n\n\n<p>Cada departamento del condominio Vista Monte Tarn, contar\u00e1 con estar comedor, tres dormitorios, logia, cocina y ba\u00f1o con terminaciones en muros y pisos, adem\u00e1s de sus respectivos artefactos sanitarios. En los primeros pisos se ubicar\u00e1n aquellas unidades destinadas a personas con discapacidad. El condominio estar\u00e1 equipado con una sede comunitaria, \u00e1reas verdes y zona de estacionamiento.<\/p>\n\n\n\n<p>Sobre este trabajo, realizado por la Entidad Patrocinante del Serviu, el Director Regional (S), Omar Gonz\u00e1lez Asenjo, se\u00f1al\u00f3 \u201cEste proyecto inici\u00f3 su construcci\u00f3n en diciembre y es muy significativo para el Serviu porque participa como Entidad Patrocinante con funcionarios del servicio que han hecho una gran labor con las familias. Hoy es parte de ese trabajo lo que estamos haciendo, en el plan de acompa\u00f1amiento social y es uno de los hitos m\u00e1s importantes, porque las familias, en definitiva, conocen su departamento, tal como se les va a entregar. Aqu\u00ed hemos tenido una muy buena respuesta de ellos, est\u00e1n contentos y eso nos da mucha felicidad, sobre todo porque es un trabajo de la instituci\u00f3n\u201d.<\/p>\n\n\n\n<p>Luego de recorrer el departamento piloto, la futura propietaria, Luz Sandoval, quien se mudar\u00e1 a su vivienda con uno de sus hijos, expres\u00f3 \u201cEstoy muy feliz, contenta porque los departamentos est\u00e1n hermosos y estoy muy emocionada y agradecida tambi\u00e9n por el Serviu y la construcci\u00f3n, lo encontr\u00e9 precioso\u201d.<\/p>\n\n\n\n<p>Durante la visita, las familias recibieron orientaci\u00f3n a sus consultas sobre los departamentos y equipamiento del condominio.<\/p>\n","protected":false},"excerpt":{"rendered":"<p>Uno de los momentos m\u00e1s significativos en el proceso de obtenci\u00f3n de sus viviendas sin deuda vivieron este jueves, un grupo de 120 familias al visitar el departamento piloto del&#8230; <a class=\"read-more\" href=\"https:\/\/www.radiopresidenteibanez.cl\/web\/familias-visitaron-departamento-piloto-en-condominio-vista-monte-tarn\/\">Leer m\u00e1s<\/a><\/p>\n","protected":false},"author":2,"featured_media":44522,"comment_status":"closed","ping_status":"closed","sticky":false,"template":"","format":"standard","meta":{"footnotes":""},"categories":[1],"tags":[],"class_list":["post-44521","post","type-post","status-publish","format-standard","has-post-thumbnail","hentry","category-cronica"],"_links":{"self":[{"href":"https:\/\/www.radiopresidenteibanez.cl\/web\/wp-json\/wp\/v2\/posts\/44521","targetHints":{"allow":["GET"]}}],"collection":[{"href":"https:\/\/www.radiopresidenteibanez.cl\/web\/wp-json\/wp\/v2\/posts"}],"about":[{"href":"https:\/\/www.radiopresidenteibanez.cl\/web\/wp-json\/wp\/v2\/types\/post"}],"author":[{"embeddable":true,"href":"https:\/\/www.radiopresidenteibanez.cl\/web\/wp-json\/wp\/v2\/users\/2"}],"replies":[{"embeddable":true,"href":"https:\/\/www.radiopresidenteibanez.cl\/web\/wp-json\/wp\/v2\/comments?post=44521"}],"version-history":[{"count":0,"href":"https:\/\/www.radiopresidenteibanez.cl\/web\/wp-json\/wp\/v2\/posts\/44521\/revisions"}],"wp:featuredmedia":[{"embeddable":true,"href":"https:\/\/www.radiopresidenteibanez.cl\/web\/wp-json\/wp\/v2\/media\/44522"}],"wp:attachment":[{"href":"https:\/\/www.radiopresidenteibanez.cl\/web\/wp-json\/wp\/v2\/media?parent=44521"}],"wp:term":[{"taxonomy":"category","embeddable":true,"href":"https:\/\/www.radiopresidenteibanez.cl\/web\/wp-json\/wp\/v2\/categories?post=44521"},{"taxonomy":"post_tag","embeddable":true,"href":"https:\/\/www.radiopresidenteibanez.cl\/web\/wp-json\/wp\/v2\/tags?post=44521"}],"curies":[{"name":"wp","href":"https:\/\/api.w.org\/{rel}","templated":true}]}}