{"id":4451,"date":"2019-05-22T22:42:58","date_gmt":"2019-05-22T22:42:58","guid":{"rendered":"http:\/\/www.radiopresidenteibanez.cl\/web\/?p=4451"},"modified":"2019-05-22T22:42:58","modified_gmt":"2019-05-22T22:42:58","slug":"concejala-veronica-aguilar-solicita-oficiar-a-vialidad-para-reparacion-de-pasarela-de-rio-seco","status":"publish","type":"post","link":"https:\/\/www.radiopresidenteibanez.cl\/web\/concejala-veronica-aguilar-solicita-oficiar-a-vialidad-para-reparacion-de-pasarela-de-rio-seco\/","title":{"rendered":"CONCEJALA VER\u00d3NICA AGUILAR SOLICITA OFICIAR A VIALIDAD PARA REPARACI\u00d3N DE PASARELA DE R\u00cdO SECO"},"content":{"rendered":"\n<p> Hace casi cuatro a\u00f1os que fue entregada para la comunidad la pasarela de R\u00edo Seco, una solicitud efectuada por los vecinos del sector y que permite un resguardo importante a la hora de tener que cruzar la Ruta 9 Norte, precisamente en el frontis de la escuela del sector.<\/p>\n\n\n\n<p>Sin embargo, el \u00faltimo tiempo esta pasarela se ha transformado en una complicaci\u00f3n para los residentes del lugar, denuncia que fue recibida por la concejala Aguilar quien en una visita en terreno pudo constatar el estado actual de la infraestructura.<\/p>\n\n\n\n<p>Goteras que generan inundaciones, mal estado de las bases producto de choques reiterados, escasa iluminaci\u00f3n y la falta de se\u00f1al\u00e9tica provocando que camiones de grandes dimensiones pasen a llevar permanentemente la v\u00eda elevada, fueron algunas de las situaciones que fueron ratificadas por un grupo de vecinas.<\/p>\n\n\n\n<p>Considerando que el plan regulador de la comuna cambi\u00f3 y ampl\u00eda los sectores urbanos, es que la Concejala Aguilar solicit\u00f3 al alcalde oficiar a Vialidad para que traspase la infraestructura al municipio, de tal manera de poder efectuar un proyecto que permita la reparaci\u00f3n y mantenci\u00f3n integral de esta pasarela.<\/p>\n\n\n\n<p>\u201cNo podemos hacer vista gorda con este tema tan fundamental, pues hoy los vecinos est\u00e1n en riesgo permanente al cruzar la Ruta 9, por lo que esta pasarela se vuelve trascendente, sin embargo nunca se ha hecho la mantenci\u00f3n correspondiente, y hoy nos vemos enfrentados a este tipo de graves situaciones\u201d, asegur\u00f3 la concejala Aguilar.<\/p>\n\n\n\n<figure class=\"wp-block-image\"><img loading=\"lazy\" decoding=\"async\" width=\"1024\" height=\"768\" src=\"https:\/\/www.radiopresidenteibanez.cl\/web\/wp-content\/uploads\/2019\/05\/image1-1024x768.jpeg\" alt=\"\" class=\"wp-image-4456\" srcset=\"https:\/\/www.radiopresidenteibanez.cl\/web\/wp-content\/uploads\/2019\/05\/image1-1024x768.jpeg 1024w, https:\/\/www.radiopresidenteibanez.cl\/web\/wp-content\/uploads\/2019\/05\/image1-300x225.jpeg 300w, https:\/\/www.radiopresidenteibanez.cl\/web\/wp-content\/uploads\/2019\/05\/image1-768x576.jpeg 768w, https:\/\/www.radiopresidenteibanez.cl\/web\/wp-content\/uploads\/2019\/05\/image1.jpeg 1040w\" sizes=\"auto, (max-width: 1024px) 100vw, 1024px\" \/><\/figure>\n","protected":false},"excerpt":{"rendered":"<p>Hace casi cuatro a\u00f1os que fue entregada para la comunidad la pasarela de R\u00edo Seco, una solicitud efectuada por los vecinos del sector y que permite un resguardo importante a&#8230; <a class=\"read-more\" href=\"https:\/\/www.radiopresidenteibanez.cl\/web\/concejala-veronica-aguilar-solicita-oficiar-a-vialidad-para-reparacion-de-pasarela-de-rio-seco\/\">Leer m\u00e1s<\/a><\/p>\n","protected":false},"author":2,"featured_media":4456,"comment_status":"closed","ping_status":"closed","sticky":false,"template":"","format":"standard","meta":{"footnotes":""},"categories":[1],"tags":[],"class_list":["post-4451","post","type-post","status-publish","format-standard","has-post-thumbnail","hentry","category-cronica"],"_links":{"self":[{"href":"https:\/\/www.radiopresidenteibanez.cl\/web\/wp-json\/wp\/v2\/posts\/4451","targetHints":{"allow":["GET"]}}],"collection":[{"href":"https:\/\/www.radiopresidenteibanez.cl\/web\/wp-json\/wp\/v2\/posts"}],"about":[{"href":"https:\/\/www.radiopresidenteibanez.cl\/web\/wp-json\/wp\/v2\/types\/post"}],"author":[{"embeddable":true,"href":"https:\/\/www.radiopresidenteibanez.cl\/web\/wp-json\/wp\/v2\/users\/2"}],"replies":[{"embeddable":true,"href":"https:\/\/www.radiopresidenteibanez.cl\/web\/wp-json\/wp\/v2\/comments?post=4451"}],"version-history":[{"count":0,"href":"https:\/\/www.radiopresidenteibanez.cl\/web\/wp-json\/wp\/v2\/posts\/4451\/revisions"}],"wp:featuredmedia":[{"embeddable":true,"href":"https:\/\/www.radiopresidenteibanez.cl\/web\/wp-json\/wp\/v2\/media\/4456"}],"wp:attachment":[{"href":"https:\/\/www.radiopresidenteibanez.cl\/web\/wp-json\/wp\/v2\/media?parent=4451"}],"wp:term":[{"taxonomy":"category","embeddable":true,"href":"https:\/\/www.radiopresidenteibanez.cl\/web\/wp-json\/wp\/v2\/categories?post=4451"},{"taxonomy":"post_tag","embeddable":true,"href":"https:\/\/www.radiopresidenteibanez.cl\/web\/wp-json\/wp\/v2\/tags?post=4451"}],"curies":[{"name":"wp","href":"https:\/\/api.w.org\/{rel}","templated":true}]}}