{"id":44497,"date":"2023-11-30T09:35:00","date_gmt":"2023-11-30T12:35:00","guid":{"rendered":"https:\/\/www.radiopresidenteibanez.cl\/web\/?p=44497"},"modified":"2023-11-30T08:39:39","modified_gmt":"2023-11-30T11:39:39","slug":"antartica21-inicia-la-temporada-2023-2024-con-la-inauguracion-de-explorers-house-en-punta-arenas","status":"publish","type":"post","link":"https:\/\/www.radiopresidenteibanez.cl\/web\/antartica21-inicia-la-temporada-2023-2024-con-la-inauguracion-de-explorers-house-en-punta-arenas\/","title":{"rendered":"ANTARTICA21 INICIA LA TEMPORADA 2023-2024 CON LA INAUGURACION DE EXPLORERS HOUSE EN PUNTA ARENAS"},"content":{"rendered":"\n<p>La empresa especialista en viajes de aventura y pionera en<br>expediciones a la Ant\u00e1rtica en el modelo de aero-crucero, Antarctica21, este a\u00f1o cumple<br>dos d\u00e9cadas llevando a turistas apasionados al continente blanco. Ayer la empresa<br>present\u00f3 Explorers House, un exclusivo club para sus clientes que fue inspirado en el<br>esp\u00edritu y el legado de los pioneros patag\u00f3nicos y aquellos intr\u00e9pidos aventureros ant\u00e1rticos.<br>Construido a partir de un edificio patrimonial, que alberg\u00f3 a principios del siglo pasado a la<br>barraca lanera Salles, Bianco y Cia. Ltda., Explorers House ofrecer\u00e1 a los hu\u00e9spedes un<br>entorno inspirador para relajarse y compartir con otros aventureros mientras disfrutan de la<br>hospitalidad local, como preparaci\u00f3n para una experiencia de viaje extraordinaria.<br>La nueva construcci\u00f3n cuenta con una superficie de m\u00e1s de 2.000 m2 distribuidos en dos<br>plantas, con un \u00e1rea de recepci\u00f3n, una sala de presentaciones tipo teatro, una biblioteca,<br>una zona de jardines, una tienda y servicios de comida y bebida. Adem\u00e1s, Explorers House<br>fue dise\u00f1ada por el arquitecto chileno Pedro Kovacic, utilizando pr\u00e1cticas de construcci\u00f3n<br>sustentables, que incluyen un sistema de paneles solares para producir electricidad y calor.<br>La remodelaci\u00f3n fue encargada a la empresa Socrade, constructora magall\u00e1nica con larga<br>experiencia en el rescate de edificios patrimoniales. El dise\u00f1o interior, en tanto, fue llevado a<br>cabo por la empresa Enrique Concha &amp; Co. de Santiago.<br>Jaime V\u00e1squez, presidente de Antarctica21, destaca que este nuevo centro \u201cpermitir\u00e1 a<br>nuestros aventureros prepararse para su expedici\u00f3n ant\u00e1rtica. Podr\u00e1n acudir a sesiones<br>informativas, tanto como un espacio de relajo para interactuar con el equipo de Antarctica21<br>y con sus compa\u00f1eros de viaje\u201d, a\u00f1adiendo que permitir\u00e1 a los aventureros \u201crevisar listas de<br>verificaci\u00f3n y obtener respuestas a cualquier pregunta que puedan tener sobre el viaje, con<br>tal de estar preparados y confiados para su encuentro con la Ant\u00e1rtica\u201d.<br>Durante la actividad de lanzamiento del espacio, asistieron el gobernador de la Regi\u00f3n de<br>Magallanes, Jorge Flies y el alcalde de Punta Arenas, Claudio Radonich, y organizaciones<br>de la comunidad de Punta Arenas, donde se dieron a conocer las nuevas instalaciones de la<br>empresa.<br>\u201cEsperamos recibir a los viajeros de la temporada 2023-24 en Explorers House\u201d celebr\u00f3<br>Andrea T\u00e9llez, gerente del recinto. \u201cEn este entorno inspirador tendr\u00e1n la oportunidad de<br>apreciar elementos hist\u00f3ricos de la Patagonia chilena, disfrutando de las instalaciones en<br>forma exclusiva. Adem\u00e1s, estamos muy felices de poder contar con este espacio, que<br>rememora el esp\u00edritu pionero de nuestra regi\u00f3n, que se transformar\u00e1 en un punto importante<\/p>\n\n\n\n<p>para la realizaci\u00f3n de eventos corporativos, y estar\u00e1 disponible para actividades que<br>faciliten la vinculaci\u00f3n con la academia, el mundo cient\u00edfico, y la comunidad.\u201d, a\u00f1adi\u00f3<br>El comienzo la temporada 2023-24<br>Muy alegres de este gran hito de lanzamiento, desde Antarctica21 esperan recibir una<br>temporada 2023-2024 ic\u00f3nica, adem\u00e1s de significativa por sus dos d\u00e9cadas de vida. Cabe<br>destacar que en la temporada 2022-2023 Antarctica21 realiz\u00f3 42 expediciones y cont\u00f3 con<br>2.688 viajeros de 54 nacionalidades diferentes, y anhelan en cada temporada que m\u00e1s<br>aventureros del mundo se interesen por esta aventura exclusiva hacia los paisajes y fauna<br>\u00fanica que se puede apreciar en la Ant\u00e1rtica.<\/p>\n","protected":false},"excerpt":{"rendered":"<p>La empresa especialista en viajes de aventura y pionera enexpediciones a la Ant\u00e1rtica en el modelo de aero-crucero, Antarctica21, este a\u00f1o cumpledos d\u00e9cadas llevando a turistas apasionados al continente blanco&#8230;. <a class=\"read-more\" href=\"https:\/\/www.radiopresidenteibanez.cl\/web\/antartica21-inicia-la-temporada-2023-2024-con-la-inauguracion-de-explorers-house-en-punta-arenas\/\">Leer m\u00e1s<\/a><\/p>\n","protected":false},"author":2,"featured_media":44498,"comment_status":"closed","ping_status":"closed","sticky":false,"template":"","format":"standard","meta":{"footnotes":""},"categories":[1],"tags":[],"class_list":["post-44497","post","type-post","status-publish","format-standard","has-post-thumbnail","hentry","category-cronica"],"_links":{"self":[{"href":"https:\/\/www.radiopresidenteibanez.cl\/web\/wp-json\/wp\/v2\/posts\/44497","targetHints":{"allow":["GET"]}}],"collection":[{"href":"https:\/\/www.radiopresidenteibanez.cl\/web\/wp-json\/wp\/v2\/posts"}],"about":[{"href":"https:\/\/www.radiopresidenteibanez.cl\/web\/wp-json\/wp\/v2\/types\/post"}],"author":[{"embeddable":true,"href":"https:\/\/www.radiopresidenteibanez.cl\/web\/wp-json\/wp\/v2\/users\/2"}],"replies":[{"embeddable":true,"href":"https:\/\/www.radiopresidenteibanez.cl\/web\/wp-json\/wp\/v2\/comments?post=44497"}],"version-history":[{"count":0,"href":"https:\/\/www.radiopresidenteibanez.cl\/web\/wp-json\/wp\/v2\/posts\/44497\/revisions"}],"wp:featuredmedia":[{"embeddable":true,"href":"https:\/\/www.radiopresidenteibanez.cl\/web\/wp-json\/wp\/v2\/media\/44498"}],"wp:attachment":[{"href":"https:\/\/www.radiopresidenteibanez.cl\/web\/wp-json\/wp\/v2\/media?parent=44497"}],"wp:term":[{"taxonomy":"category","embeddable":true,"href":"https:\/\/www.radiopresidenteibanez.cl\/web\/wp-json\/wp\/v2\/categories?post=44497"},{"taxonomy":"post_tag","embeddable":true,"href":"https:\/\/www.radiopresidenteibanez.cl\/web\/wp-json\/wp\/v2\/tags?post=44497"}],"curies":[{"name":"wp","href":"https:\/\/api.w.org\/{rel}","templated":true}]}}