{"id":44493,"date":"2023-11-30T08:20:41","date_gmt":"2023-11-30T11:20:41","guid":{"rendered":"https:\/\/www.radiopresidenteibanez.cl\/web\/?p=44493"},"modified":"2023-11-30T08:21:36","modified_gmt":"2023-11-30T11:21:36","slug":"destacado-chef-carlo-von-muhlenbrock-realizara-talleres-ludicos-para-mejorar-habitos-alimenticios-de-las-familias-de-punta-arenas","status":"publish","type":"post","link":"https:\/\/www.radiopresidenteibanez.cl\/web\/destacado-chef-carlo-von-muhlenbrock-realizara-talleres-ludicos-para-mejorar-habitos-alimenticios-de-las-familias-de-punta-arenas\/","title":{"rendered":"DESTACADO CHEF CARLO VON MUHLENBROCK REALIZARA TALLERES LUDICOS PARA MEJORAR HABITOS  ALIMENTICIOS DE LAS FAMILIAS DE PUNTA ARENAS"},"content":{"rendered":"\n<p>Una entretenida Feria Gastron\u00f3mica y Educativa se realizar\u00e1 ma\u00f1ana mi\u00e9rcoles en la Escuela<br>Pedro Pablo Lemaitre, donde el reconocido chef Carlo von M\u00fchlenbrock compartir\u00e1 con los ni\u00f1os,<br>ni\u00f1as y j\u00f3venes del establecimiento y realizar\u00e1 una serie de actividades para fomentar h\u00e1bitos de<br>alimentaci\u00f3n en el marco del Programa de Alimentaci\u00f3n Escolar (PAE) de JUNAEB.<br>Esta iniciativa, que comenz\u00f3 a implementar DeliBest Chile durante 2022, es parte del compromiso<br>de la empresa por entregar siempre las mejores preparaciones, considerando que, de acuerdo con<br>el \u00faltimo Mapa Nutricional elaborado por JUNAEB, un 31% de los estudiantes tienen obesidad y,<br>de ellos, el 10.8% presenta obesidad severa. Por ello, durante la jornada se realizar\u00e1n diferentes<br>actividades dirigidas a los estudiantes y apoderados de manera que internalicen h\u00e1bitos de<br>alimentaci\u00f3n saludable. De igual manera, se realizar\u00e1 una degustaci\u00f3n abierta a la comunidad<br>escolar y autoridades invitadas donde podr\u00e1n conocer y disfrutar las minutas que d\u00eda a d\u00eda reciben<br>los estudiantes a trav\u00e9s del PAE de JUNAEB.<br>Carlo von M\u00fchlenbrock, asesor de DeliBest Chile, destac\u00f3 que \u201clos h\u00e1bitos de alimentaci\u00f3n se<br>empiezan a generar desde edades tempranas, especialmente antes de los 7 a\u00f1os, y por ello es<br>relevante el involucramiento de las familias, padres y apoderados y cuidadores de los ni\u00f1os y ni\u00f1as<br>para favorecer una alimentaci\u00f3n equilibrada que beneficie su desarrollo integral. Lo que se entrega<br>a trav\u00e9s del Programa de Alimentaci\u00f3n Escolar son aproximadamente 1.200 calor\u00edas, por lo que las<br>familias solo son responsables de complementar esa alimentaci\u00f3n con productos de buena calidad<br>y nutritivos y especialmente tener una buena planificaci\u00f3n familiar de las comidas\u201d.<br>Margaret Ayala, jefa zonal de DeliBest en Magallanes explica que esta actividad se enmarca en los<br>esfuerzos de la compa\u00f1\u00eda y la colaboraci\u00f3n con las entidades p\u00fablicas que participan en los<br>diferentes programas de alimentaci\u00f3n escolar. \u201cAgradecemos el apoyo permanente de JUNAEB,<br>JUNJI y FUNDACI\u00d3N Integra , adem\u00e1s de los miles de colegios y escuelas que atendemos cada d\u00eda,<br>donde se cocinan alimentos seguros, saludable y con el compromiso de nuestras manipuladoras de<br>alimentos\u201d, concluye.<\/p>\n","protected":false},"excerpt":{"rendered":"<p>Una entretenida Feria Gastron\u00f3mica y Educativa se realizar\u00e1 ma\u00f1ana mi\u00e9rcoles en la EscuelaPedro Pablo Lemaitre, donde el reconocido chef Carlo von M\u00fchlenbrock compartir\u00e1 con los ni\u00f1os,ni\u00f1as y j\u00f3venes del establecimiento&#8230; <a class=\"read-more\" href=\"https:\/\/www.radiopresidenteibanez.cl\/web\/destacado-chef-carlo-von-muhlenbrock-realizara-talleres-ludicos-para-mejorar-habitos-alimenticios-de-las-familias-de-punta-arenas\/\">Leer m\u00e1s<\/a><\/p>\n","protected":false},"author":2,"featured_media":44494,"comment_status":"closed","ping_status":"closed","sticky":false,"template":"","format":"standard","meta":{"footnotes":""},"categories":[1],"tags":[],"class_list":["post-44493","post","type-post","status-publish","format-standard","has-post-thumbnail","hentry","category-cronica"],"_links":{"self":[{"href":"https:\/\/www.radiopresidenteibanez.cl\/web\/wp-json\/wp\/v2\/posts\/44493","targetHints":{"allow":["GET"]}}],"collection":[{"href":"https:\/\/www.radiopresidenteibanez.cl\/web\/wp-json\/wp\/v2\/posts"}],"about":[{"href":"https:\/\/www.radiopresidenteibanez.cl\/web\/wp-json\/wp\/v2\/types\/post"}],"author":[{"embeddable":true,"href":"https:\/\/www.radiopresidenteibanez.cl\/web\/wp-json\/wp\/v2\/users\/2"}],"replies":[{"embeddable":true,"href":"https:\/\/www.radiopresidenteibanez.cl\/web\/wp-json\/wp\/v2\/comments?post=44493"}],"version-history":[{"count":0,"href":"https:\/\/www.radiopresidenteibanez.cl\/web\/wp-json\/wp\/v2\/posts\/44493\/revisions"}],"wp:featuredmedia":[{"embeddable":true,"href":"https:\/\/www.radiopresidenteibanez.cl\/web\/wp-json\/wp\/v2\/media\/44494"}],"wp:attachment":[{"href":"https:\/\/www.radiopresidenteibanez.cl\/web\/wp-json\/wp\/v2\/media?parent=44493"}],"wp:term":[{"taxonomy":"category","embeddable":true,"href":"https:\/\/www.radiopresidenteibanez.cl\/web\/wp-json\/wp\/v2\/categories?post=44493"},{"taxonomy":"post_tag","embeddable":true,"href":"https:\/\/www.radiopresidenteibanez.cl\/web\/wp-json\/wp\/v2\/tags?post=44493"}],"curies":[{"name":"wp","href":"https:\/\/api.w.org\/{rel}","templated":true}]}}