{"id":44461,"date":"2023-11-29T08:19:56","date_gmt":"2023-11-29T11:19:56","guid":{"rendered":"https:\/\/www.radiopresidenteibanez.cl\/web\/?p=44461"},"modified":"2023-11-29T08:20:06","modified_gmt":"2023-11-29T11:20:06","slug":"avanza-reposicion-de-primera-comisaria-de-carabineros-de-punta-arenas","status":"publish","type":"post","link":"https:\/\/www.radiopresidenteibanez.cl\/web\/avanza-reposicion-de-primera-comisaria-de-carabineros-de-punta-arenas\/","title":{"rendered":"AVANZA REPOSICION DE PRIMERA COMISARIA DE CARABINEROS DE PUNTA ARENAS"},"content":{"rendered":"\n<p>Este martes se realiz\u00f3 la ceremonia de firma de convenio para la reposici\u00f3n de la Primera<br>Comisar\u00eda de Carabineros de Punta Arenas, en la que participaron el Gobernador Regional<br>Jorge Flies, Directora Nacional de Arquitectura del Ministerio de Obras P\u00fablicas Loreto<br>Wahr, el Jefe de Zona Regional de Carabineros, General Marco Alvarado y el Delegado<br>Presidencial Regional Jos\u00e9 Ruiz.<br>De esta manera comienza a gestarse este imponente proyecto que considera la reposici\u00f3n<br>del recinto policial junto a la relocalizaci\u00f3n de la Primera Comisaria de Carabineros de<br>Punta Arenas, desde su actual emplazamiento en la intersecci\u00f3n de la calle Mateo de Toro<br>y Zambrano con calle P\u00e9rez de Arce, a calle Ignacio Carrera Pinto N\u00b0 0255.<br>La infraestructura proyectada es de 4.283 m2, satisfaciendo los requerimientos de<br>funcionalidad, seguridad y comodidad establecidos para la operaci\u00f3n de un cuartel<br>policial, que incluye zona administrativa, de seguridad, habitabilidad, movilizaci\u00f3n y apoyo<br>log\u00edstico, adem\u00e1s de la Secci\u00f3n de Investigaci\u00f3n Policial (SIP) y recintos complementarios,<br>considerando el equipamiento y mobiliario necesario para la operatividad del recinto.<br>\u201cLa comunidad sabe que una de las principales preocupaciones que tenemos es en el<br>\u00e1mbito de la seguridad y ah\u00ed hemos actuado en consecuencia el nivel central, Carabineros<br>de Chile, el municipio y el Gobierno Regional, y en este caso tambi\u00e9n con la ayuda de la<br>unidad t\u00e9cnica que va a ser la Direcci\u00f3n de Arquitectura del Ministerio de Obras P\u00fablicas<br>con un tema que es fundamental, desde los a\u00f1os 60 est\u00e1 construida la Primera Comisar\u00eda<br>en el Barrio Sur y que qued\u00f3 completamente obsoleta en tama\u00f1o y en capacidades y a eso<br>sumamos distintos siniestros que ha tenido la zona de Carabineros\u201d, dijo el Gobernador<br>Regional Jorge Flies, destacando que este nuevo sector de calle Ignacio Carrera Pinto \u201cnos<br>va a permitir contar con varias unidades y la capacidad completa, mejor atenci\u00f3n a la<br>comunidad, tenerla concentrada ac\u00e1 y la primera infraestructura de lo que va a ser el<br>complejo policial, no dejando de atender el barrio sur\u201d.<br>Por su parte, la Directora Nacional de Arquitectura del Ministerio de Obras P\u00fablicas,<br>Loreto Wahr, inform\u00f3 que \u201cesta infraestructura responde a una primera etapa, con de una<br>inversi\u00f3n de 15 mil millones de pesos y con una superficie cercana a los 4.300 metros<br>cuadrados, y lo que hace es mejorar tanto las condiciones de habitabilidad, de atenci\u00f3n a<br>p\u00fablico y, al mismo tiempo, otorgar una imagen que vaya acorde a la nueva seguridad que<br>tanto el Presidente de la Rep\u00fablica Gabriel Boric como la Ministra Jessica L\u00f3pez, el<br>Gobierno Regional y la instituci\u00f3n de Carabineros quieren\u201d.<br>Destac\u00f3 la autoridad nacional del MOP que el recinto tambi\u00e9n contar\u00e1 con \u201cnuestros<br>est\u00e1ndares asociados al uso de energ\u00edas renovables y as\u00ed mismo a incorporar variables de<br>inclusi\u00f3n y perspectiva de g\u00e9nero, sobre todo porque aquellos lugares destinados a<br>seguridad son tambi\u00e9n lugares que reciben a personas que han sido v\u00edctimas de alg\u00fan tipo<\/p>\n\n\n\n<p>de delito violento, de violencia intrafamiliar, y por ello tambi\u00e9n se busca acoger con<br>recintos adecuados ese tipo de singularidades\u201d.<br>Reforzando la prevenci\u00f3n y destacando el aumento hist\u00f3rico del presupuesto de la Naci\u00f3n<br>que present\u00f3 el Gobierno del Presidente Gabriel Boric, en tanto, el Delegado Presidencial<br>Regional Jos\u00e9 Ruiz, sostuvo que esta firma de convenio \u201ces una muy buena noticia porque<br>muestra el trabajo en conjunto y mancomunado entre las distintas instituciones, en un<br>tema que es primordial y central para la ciudadan\u00eda como es la seguridad. En este caso con<br>esta nueva comisar\u00eda que se modernizar\u00e1 y terminar\u00e1 con el hacinamiento que hoy<br>mantienen los carabineros\u201d.<br>La nueva infraestructura mejorar\u00e1 y modernizar\u00e1 los espacios de trabajos y habitabilidad<br>para potenciar las funciones de orden y seguridad que realiza Carabineros de Chile en la<br>Regi\u00f3n de Magallanes y de la Ant\u00e1rtica Chilena, dando soluci\u00f3n a problemas de<br>hacinamiento, deficiencia de las actuales instalaciones y mejorando la operatividad de<br>recintos seg\u00fan los actuales est\u00e1ndares institucionales y requerimientos normativos<br>vigentes. La reposici\u00f3n del cuartel policial permitir\u00e1 incrementar el n\u00famero de usuarios<br>(as) y p\u00fablico espec\u00edfico que acceden a los servicios policiales, optimizando los medios<br>log\u00edsticos y los niveles de seguridad percibidos por la comunidad.<br>Quien se mostr\u00f3 muy satisfecho con el avance que presenta la iniciativa que ejecutar\u00e1 la<br>Direcci\u00f3n de Arquitectura del Ministerio de Obras P\u00fablicas, fue el Jefe de Zona Regional de<br>Carabineros, General Marco Alvarado, enfatizando que \u201cestamos muy contentos porque<br>es un tremendo proyecto que viene a modernizar, no solamente la infraestructura, sino<br>que tambi\u00e9n el desarrollo de la instituci\u00f3n a futuro con un proyecto que es emblem\u00e1tico.<br>Recordemos que el cuartel de la primera comisar\u00eda es de los a\u00f1os 60, por lo tanto, este<br>proceso modernizador no s\u00f3lo comienza ac\u00e1 sino que se va desarrollando con un<br>complejo policial a futuro, con est\u00e1ndares internacionales de calidad que tambi\u00e9n son<br>importantes y que viene con la finalidad de entregar mayor seguridad a nuestra poblaci\u00f3n,<br>partiendo de la base que la prevenci\u00f3n siempre va a ser nuestra esencia y hoy, con mayor<br>raz\u00f3n, contar con infraestructura de \u00faltimo nivel, no solo para Carabineros sino que para<br>la ciudadan\u00eda toda, con est\u00e1ndares nacionales e internacionales que nos permiten prestar<br>y brindar un mejor servicio a la comunidad, que es lo que se merece y se merece esta<br>regi\u00f3n\u201d.<br>En la iniciativa, que se iniciar\u00eda el a\u00f1o 2024, se invertir\u00e1n $15.770.600.000 de<br>financiamiento mixto entre el Fondo Nacional de Desarrollo Regional y Carabineros de<br>Chile.<br>En la actividad de firma de convenio participaron adem\u00e1s el alcalde Claudio Radonich, el<br>Seremi de Obras P\u00fablicas Jos\u00e9 Luis Hern\u00e1ndez, autoridades regionales y funcionarios de la<br>instituci\u00f3n policial.<\/p>\n","protected":false},"excerpt":{"rendered":"<p>Este martes se realiz\u00f3 la ceremonia de firma de convenio para la reposici\u00f3n de la PrimeraComisar\u00eda de Carabineros de Punta Arenas, en la que participaron el Gobernador RegionalJorge Flies, Directora&#8230; <a class=\"read-more\" href=\"https:\/\/www.radiopresidenteibanez.cl\/web\/avanza-reposicion-de-primera-comisaria-de-carabineros-de-punta-arenas\/\">Leer m\u00e1s<\/a><\/p>\n","protected":false},"author":2,"featured_media":44462,"comment_status":"closed","ping_status":"closed","sticky":false,"template":"","format":"standard","meta":{"footnotes":""},"categories":[1],"tags":[],"class_list":["post-44461","post","type-post","status-publish","format-standard","has-post-thumbnail","hentry","category-cronica"],"_links":{"self":[{"href":"https:\/\/www.radiopresidenteibanez.cl\/web\/wp-json\/wp\/v2\/posts\/44461","targetHints":{"allow":["GET"]}}],"collection":[{"href":"https:\/\/www.radiopresidenteibanez.cl\/web\/wp-json\/wp\/v2\/posts"}],"about":[{"href":"https:\/\/www.radiopresidenteibanez.cl\/web\/wp-json\/wp\/v2\/types\/post"}],"author":[{"embeddable":true,"href":"https:\/\/www.radiopresidenteibanez.cl\/web\/wp-json\/wp\/v2\/users\/2"}],"replies":[{"embeddable":true,"href":"https:\/\/www.radiopresidenteibanez.cl\/web\/wp-json\/wp\/v2\/comments?post=44461"}],"version-history":[{"count":0,"href":"https:\/\/www.radiopresidenteibanez.cl\/web\/wp-json\/wp\/v2\/posts\/44461\/revisions"}],"wp:featuredmedia":[{"embeddable":true,"href":"https:\/\/www.radiopresidenteibanez.cl\/web\/wp-json\/wp\/v2\/media\/44462"}],"wp:attachment":[{"href":"https:\/\/www.radiopresidenteibanez.cl\/web\/wp-json\/wp\/v2\/media?parent=44461"}],"wp:term":[{"taxonomy":"category","embeddable":true,"href":"https:\/\/www.radiopresidenteibanez.cl\/web\/wp-json\/wp\/v2\/categories?post=44461"},{"taxonomy":"post_tag","embeddable":true,"href":"https:\/\/www.radiopresidenteibanez.cl\/web\/wp-json\/wp\/v2\/tags?post=44461"}],"curies":[{"name":"wp","href":"https:\/\/api.w.org\/{rel}","templated":true}]}}