{"id":44421,"date":"2023-11-27T15:07:00","date_gmt":"2023-11-27T18:07:00","guid":{"rendered":"https:\/\/www.radiopresidenteibanez.cl\/web\/?p=44421"},"modified":"2023-11-27T10:56:45","modified_gmt":"2023-11-27T13:56:45","slug":"sector-justicia-aborda-tematica-sobre-buen-trato-a-diversidades-sexo-genericas","status":"publish","type":"post","link":"https:\/\/www.radiopresidenteibanez.cl\/web\/sector-justicia-aborda-tematica-sobre-buen-trato-a-diversidades-sexo-genericas\/","title":{"rendered":"SECTOR JUSTICIA ABORDA TEM\u00c1TICA SOBRE BUEN TRATO A DIVERSIDADES SEXO-GEN\u00c9RICAS"},"content":{"rendered":"\n<p>En una fruct\u00edfera y amena jornada, una treintena de funcionarios y funcionarias de los servicios del Ministerio de Justicia y Derechos Humanos, encabezados por la Seremi del ramo, Michelle Peutat Alvarado, participaron de una charla de buen trato y erradicaci\u00f3n de las violencias, a cargo de la corporaci\u00f3n Liberando Colores, organizaci\u00f3n que trabaja en la promoci\u00f3n y defensa de los DD.HH. en las diversidades sexo-gen\u00e9ricas en la regi\u00f3n.<\/p>\n\n\n\n<p>Como actividad que apunt\u00f3 a entregar herramientas para la atenci\u00f3n integral de todos los usuarios y usuarias que acceden a los servicios del sector Justicia, se abordaron diferentes realidades, vivencias y limitaciones que cotidianamente afronta toda persona dentro de la diversidad, con especial acento en disidencias sexo-gen\u00e9ricas y aquellos grupos de especial protecci\u00f3n.<\/p>\n\n\n\n<p>En la oportunidad, Rodrigo Llano, Presidente de Liberando Colores, abord\u00f3 las dimensiones de la identidad humana; Camilo Avenda\u00f1o, Vice Presidente de la corporaci\u00f3n, expuso sobre los Derechos Humanos: Contexto y Desaf\u00edos; y Roxana Orellana, Secretaria de la organizaci\u00f3n, present\u00f3 la exposici\u00f3n \u201cSatisfacci\u00f3n usuaria y trato digno\u201d.<\/p>\n\n\n\n<p>La Seremi de Justicia y DD.HH., Michelle Peutat Alvarado, agradeci\u00f3 a Liberando Colores por realizar esta actividad, reconociendo que al atenderse diariamente a muchos usuarios y usuarias, en regiones enfrentamos dificultades y limitaciones al ir incorporando a una sociedad que, hoy en d\u00eda se reconoce, mucho m\u00e1s diversa en materia de urgencias y necesidades. Aun cuando para tener mejor satisfaccion usuaria se puedan adoptar peque\u00f1as acciones y el uso de un lenguaje m\u00e1s inclusivo, <em>\u201c<\/em>los funcionarios p\u00fablicos somos quienes estamos mucho m\u00e1s expuestos a vulnerarlos en sus derechos humanos\u201d.<\/p>\n\n\n\n<p>Destac\u00f3 la importancia de realizar esta actividad en una semana en que se habla de la violencia contra las mujeres, e inst\u00f3 como servidores p\u00fablicos a enfocarnos e ir reconstruy\u00e9ndonos mucho m\u00e1s all\u00e1 de la l\u00f3gica binaria entre hombres y mujeres: \u201cesto incluye el pensarnos sobre una l\u00ednea libre de violencias y habla de las personas pertenecientes a la comunidad LGBTIQ+, y cuando damos un trato m\u00e1s digno a las personas estamos avanzando en una vida mucho menos violenta\u201d.<\/p>\n\n\n\n<p>Rodrigo Llano, Presidente de Liberando Colores, se refiri\u00f3 al trabajo que desarrollan, enmarcado en su primer a\u00f1o de vida, con el fin de educar transversalmente en las diferentes identidades, orientaciones y vivencias de cada persona que se reconoce parte de la &nbsp;diversidad sexual y de g\u00e9nero. \u201cComo corporaci\u00f3n creemos que es muy importante el trabajo conjunto entre la sociedad civil y la institucionalidad para poder crear realmente un cambio que beneficie a la sociedad\u201d, subray\u00f3.<\/p>\n","protected":false},"excerpt":{"rendered":"<p>En una fruct\u00edfera y amena jornada, una treintena de funcionarios y funcionarias de los servicios del Ministerio de Justicia y Derechos Humanos, encabezados por la Seremi del ramo, Michelle Peutat&#8230; <a class=\"read-more\" href=\"https:\/\/www.radiopresidenteibanez.cl\/web\/sector-justicia-aborda-tematica-sobre-buen-trato-a-diversidades-sexo-genericas\/\">Leer m\u00e1s<\/a><\/p>\n","protected":false},"author":2,"featured_media":44422,"comment_status":"closed","ping_status":"closed","sticky":false,"template":"","format":"standard","meta":{"footnotes":""},"categories":[1],"tags":[],"class_list":["post-44421","post","type-post","status-publish","format-standard","has-post-thumbnail","hentry","category-cronica"],"_links":{"self":[{"href":"https:\/\/www.radiopresidenteibanez.cl\/web\/wp-json\/wp\/v2\/posts\/44421","targetHints":{"allow":["GET"]}}],"collection":[{"href":"https:\/\/www.radiopresidenteibanez.cl\/web\/wp-json\/wp\/v2\/posts"}],"about":[{"href":"https:\/\/www.radiopresidenteibanez.cl\/web\/wp-json\/wp\/v2\/types\/post"}],"author":[{"embeddable":true,"href":"https:\/\/www.radiopresidenteibanez.cl\/web\/wp-json\/wp\/v2\/users\/2"}],"replies":[{"embeddable":true,"href":"https:\/\/www.radiopresidenteibanez.cl\/web\/wp-json\/wp\/v2\/comments?post=44421"}],"version-history":[{"count":0,"href":"https:\/\/www.radiopresidenteibanez.cl\/web\/wp-json\/wp\/v2\/posts\/44421\/revisions"}],"wp:featuredmedia":[{"embeddable":true,"href":"https:\/\/www.radiopresidenteibanez.cl\/web\/wp-json\/wp\/v2\/media\/44422"}],"wp:attachment":[{"href":"https:\/\/www.radiopresidenteibanez.cl\/web\/wp-json\/wp\/v2\/media?parent=44421"}],"wp:term":[{"taxonomy":"category","embeddable":true,"href":"https:\/\/www.radiopresidenteibanez.cl\/web\/wp-json\/wp\/v2\/categories?post=44421"},{"taxonomy":"post_tag","embeddable":true,"href":"https:\/\/www.radiopresidenteibanez.cl\/web\/wp-json\/wp\/v2\/tags?post=44421"}],"curies":[{"name":"wp","href":"https:\/\/api.w.org\/{rel}","templated":true}]}}