{"id":4441,"date":"2019-05-22T15:32:51","date_gmt":"2019-05-22T15:32:51","guid":{"rendered":"http:\/\/www.radiopresidenteibanez.cl\/web\/?p=4441"},"modified":"2019-05-22T15:33:00","modified_gmt":"2019-05-22T15:33:00","slug":"parte-2-quien-es-su-candidato-predilecto-a-gobernador-a-pensando-en-el-desarrollo-de-magallanes","status":"publish","type":"post","link":"https:\/\/www.radiopresidenteibanez.cl\/web\/parte-2-quien-es-su-candidato-predilecto-a-gobernador-a-pensando-en-el-desarrollo-de-magallanes\/","title":{"rendered":"PARTE 2: \u00bfQUI\u00c9N ES SU CANDIDATO PREDILECTO A GOBERNADOR\/A, PENSANDO EN EL DESARROLLO DE MAGALLANES?"},"content":{"rendered":"\n<p>Sin duda que el nombre de Juan Francisco Miranda, ex seremi, es una sorpresa, pero fuentes internas de la Democracia Cristiana, indican que se habr\u00eda inscrito como pre candidato a las elecciones de Gobernador Regional, mientras que el nombre de la ex intendente, seremi de Desarrollo Social y Concejala,  Mar\u00eda Teresa Casta\u00f1\u00f3n, tambi\u00e9n es pronunciada en tiempos de campa\u00f1a, sobre todo por la gran cercan\u00eda que tuvo con la comunidad como autoridad, a ella se suma la actual m\u00e1xima autoridad regional, Jos\u00e9 Fern\u00e1ndez, y el ex alcalde y actual Core, Emilio Boccazzi, nombre que seria \u00abcaballo de Troya\u00bb del Partido Radical, tanto para las primarias de Alcalde y Gobernador.<\/p>\n\n\n<p>[poll id=\u00bb8&#8243;]<\/p>\n\n\n\n<figure class=\"wp-block-image\"><img loading=\"lazy\" decoding=\"async\" width=\"1024\" height=\"576\" src=\"https:\/\/www.radiopresidenteibanez.cl\/web\/wp-content\/uploads\/2019\/05\/Marielle-Price-2-1024x576.png\" alt=\"\" class=\"wp-image-4442\" srcset=\"https:\/\/www.radiopresidenteibanez.cl\/web\/wp-content\/uploads\/2019\/05\/Marielle-Price-2-1024x576.png 1024w, https:\/\/www.radiopresidenteibanez.cl\/web\/wp-content\/uploads\/2019\/05\/Marielle-Price-2-300x169.png 300w, https:\/\/www.radiopresidenteibanez.cl\/web\/wp-content\/uploads\/2019\/05\/Marielle-Price-2-768x432.png 768w, https:\/\/www.radiopresidenteibanez.cl\/web\/wp-content\/uploads\/2019\/05\/Marielle-Price-2.png 1920w\" sizes=\"auto, (max-width: 1024px) 100vw, 1024px\" \/><\/figure>\n","protected":false},"excerpt":{"rendered":"<p>Sin duda que el nombre de Juan Francisco Miranda, ex seremi, es una sorpresa, pero fuentes internas de la Democracia Cristiana, indican que se habr\u00eda inscrito como pre candidato a&#8230; <a class=\"read-more\" href=\"https:\/\/www.radiopresidenteibanez.cl\/web\/parte-2-quien-es-su-candidato-predilecto-a-gobernador-a-pensando-en-el-desarrollo-de-magallanes\/\">Leer m\u00e1s<\/a><\/p>\n","protected":false},"author":2,"featured_media":4442,"comment_status":"closed","ping_status":"closed","sticky":false,"template":"","format":"standard","meta":{"footnotes":""},"categories":[5],"tags":[],"class_list":["post-4441","post","type-post","status-publish","format-standard","has-post-thumbnail","hentry","category-politica"],"_links":{"self":[{"href":"https:\/\/www.radiopresidenteibanez.cl\/web\/wp-json\/wp\/v2\/posts\/4441","targetHints":{"allow":["GET"]}}],"collection":[{"href":"https:\/\/www.radiopresidenteibanez.cl\/web\/wp-json\/wp\/v2\/posts"}],"about":[{"href":"https:\/\/www.radiopresidenteibanez.cl\/web\/wp-json\/wp\/v2\/types\/post"}],"author":[{"embeddable":true,"href":"https:\/\/www.radiopresidenteibanez.cl\/web\/wp-json\/wp\/v2\/users\/2"}],"replies":[{"embeddable":true,"href":"https:\/\/www.radiopresidenteibanez.cl\/web\/wp-json\/wp\/v2\/comments?post=4441"}],"version-history":[{"count":0,"href":"https:\/\/www.radiopresidenteibanez.cl\/web\/wp-json\/wp\/v2\/posts\/4441\/revisions"}],"wp:featuredmedia":[{"embeddable":true,"href":"https:\/\/www.radiopresidenteibanez.cl\/web\/wp-json\/wp\/v2\/media\/4442"}],"wp:attachment":[{"href":"https:\/\/www.radiopresidenteibanez.cl\/web\/wp-json\/wp\/v2\/media?parent=4441"}],"wp:term":[{"taxonomy":"category","embeddable":true,"href":"https:\/\/www.radiopresidenteibanez.cl\/web\/wp-json\/wp\/v2\/categories?post=4441"},{"taxonomy":"post_tag","embeddable":true,"href":"https:\/\/www.radiopresidenteibanez.cl\/web\/wp-json\/wp\/v2\/tags?post=4441"}],"curies":[{"name":"wp","href":"https:\/\/api.w.org\/{rel}","templated":true}]}}