{"id":44406,"date":"2023-11-27T09:20:00","date_gmt":"2023-11-27T12:20:00","guid":{"rendered":"https:\/\/www.radiopresidenteibanez.cl\/web\/?p=44406"},"modified":"2023-11-27T08:40:00","modified_gmt":"2023-11-27T11:40:00","slug":"informativo-matinal-orbe-12","status":"publish","type":"post","link":"https:\/\/www.radiopresidenteibanez.cl\/web\/informativo-matinal-orbe-12\/","title":{"rendered":"INFORMATIVO MATINAL ORBE"},"content":{"rendered":"\n<p>&nbsp;Una de las personalidades que sigui\u00f3 de cerca el desarrollo de Santiago 2023, ya sea en los Juegos<br>Panamericanos o Parapanamericanos, fue el Presidente de Chile, Gabriel Boric, quien lleg\u00f3 a la ceremonia de clausura en el Parque Cerrillos. El Mandatario qued\u00f3 maravillado por lo realizado en el pa\u00eds y destac\u00f3 a los atletas, pero tambi\u00e9n a la organizaci\u00f3n del evento, se\u00f1alando que queda un gran legado.<\/p>\n\n\n\n<p>SANTIAGO.- El Mandatario asever\u00f3 ue \u00abha sido realmente emocionante. A m\u00ed me emociona ver el esfuerzo de los deportistas y de las familias de los deportistas. Siempre destaco a las familias, porque sin ellas hubiese sido dif\u00edcil salir adelante. Creo que esto nos deja un desaf\u00edo tremendo como Estado, de seguir promoviendo m\u00e1s el deporte, m\u00e1s all\u00e1 de los Juegos mismos, los 365 d\u00edas del a\u00f1o\u00bb, se\u00f1al\u00f3.<\/p>\n\n\n\n<p>SANTIAGO.- El Presidente Boric, a\u00f1adi\u00f3 que \u00abhay un legado que ya est\u00e1 hecho, que es la infraestructura. Hay que cuidarla, que no se deteriore y ponerla a disposici\u00f3n de los atletas de alto rendimiento y de las personas que quieran practicar deporte\u00bb, plante\u00f3 en el cierre del evento.<\/p>\n\n\n\n<p>SANTIAGO.- Una nueva edici\u00f3n de la encuesta Plaza P\u00fablica Cadem divulgada la \u00faltima jornada, frente al proceso constitucional y el plebiscito que se llevar\u00e1 a cabo el pr\u00f3ximo 17 de diciembre, arroj\u00f3 la opci\u00f3n A Favor subi\u00f3 seis puntos porcentuales, llegando al 38 por ciento de las preferencias, su cifra m\u00e1s alta en seis meses. En contraparte, la opci\u00f3n En Contra cay\u00f3 tres puntos y qued\u00f3 en 46 por ciento, quedando una brecha entre amnbas de 8 puntos.<\/p>\n\n\n\n<p>SANTIAGO.- Mientras que quienes permanecen indecisos o no responden, representan al 16 por ciento de los encuestados. Sobre los que a\u00fan no toman una decisi\u00f3n, el estudio muestra que 24 por ciento de ellos probablemente votar\u00eda A Favor, 17 por ciento probablemente votar\u00eda En Contra, 15 por ciento<br>probablemente no ir\u00eda a votar y 44 por ciento no sabe o no responde.<\/p>\n\n\n\n<p>SANTIAGO.- En base 100, seg\u00fan Cadem, 55 por ciento votar\u00eda En Contra y 45 por ciento A Favor, \u00abuna distancia a\u00fan significativa\u00bb. Junto con esto, el sondeo revela que 51 por ciento dice que ha visto la franja electoral, 14 puntos menos que la franja del plebiscito del 4 de septiembre del a\u00f1o<br>pasado. La franja del A Favor es evaluada con nota 4,3 mientras que la del En Contra obtiene un 3,8.<\/p>\n\n\n\n<p>SANTIAGO..En este contexto mencionado, la franja del A Favor logra comunicar mejor sus ideas, 43 por cinto vs 30 por ciento, es m\u00e1s cre\u00edble, 41 por ciento vs 26 por ciento, y es m\u00e1s transversal, 41 por ciento vs 23 por ciento. Por otra parte, la aprobaci\u00f3n a la gesti\u00f3n del Presidente Boric alcanz\u00f3 un 30 por ciento, con una baja de un punto porcentual y de siete puntos en el \u00faltimo mes. En tanto, un 65 por ciento desaprueba su gesti\u00f3n.<\/p>\n\n\n\n<p>SANTIAGO.- Por \u00faltimo, en evaluaci\u00f3n de instituciones suben de manera significativa su aprobaci\u00f3n la Fuerza A\u00e9rea a un 76 por ciento,el Ej\u00e9rcito, 74 por ciento, las universidades 71 por ciento y el Servel 71 por ciento. En cambio, caen con fuerza las municipalidades, 45 por ciento, menos 7 puntos, y el Servicio de Impuestos Internos, 40 por ciento, menos 11 puntos.<\/p>\n\n\n\n<p>SANTIAGO.- Un sismo calificado como de mediana intensidad se percibi\u00f3 este lunes, a las 7:08 horas, en la zona norte del pa\u00eds, seg\u00fan inform\u00f3 Senapred. Sismolog\u00eda report\u00f3 que el temblor alcanz\u00f3 una magnitud de 5,5 Richter y su epicentro fue 102 kil\u00f3metros al noreste de Taltal y a 49 kil\u00f3metros de profundidad. Senapred, en tanto, detall\u00f3 que el movimiento tel\u00farico oscil\u00f3 entre los II y III Mercalli:<\/p>\n","protected":false},"excerpt":{"rendered":"<p>&nbsp;Una de las personalidades que sigui\u00f3 de cerca el desarrollo de Santiago 2023, ya sea en los JuegosPanamericanos o Parapanamericanos, fue el Presidente de Chile, Gabriel Boric, quien lleg\u00f3 a&#8230; <a class=\"read-more\" href=\"https:\/\/www.radiopresidenteibanez.cl\/web\/informativo-matinal-orbe-12\/\">Leer m\u00e1s<\/a><\/p>\n","protected":false},"author":2,"featured_media":44407,"comment_status":"closed","ping_status":"closed","sticky":false,"template":"","format":"standard","meta":{"footnotes":""},"categories":[1],"tags":[],"class_list":["post-44406","post","type-post","status-publish","format-standard","has-post-thumbnail","hentry","category-cronica"],"_links":{"self":[{"href":"https:\/\/www.radiopresidenteibanez.cl\/web\/wp-json\/wp\/v2\/posts\/44406","targetHints":{"allow":["GET"]}}],"collection":[{"href":"https:\/\/www.radiopresidenteibanez.cl\/web\/wp-json\/wp\/v2\/posts"}],"about":[{"href":"https:\/\/www.radiopresidenteibanez.cl\/web\/wp-json\/wp\/v2\/types\/post"}],"author":[{"embeddable":true,"href":"https:\/\/www.radiopresidenteibanez.cl\/web\/wp-json\/wp\/v2\/users\/2"}],"replies":[{"embeddable":true,"href":"https:\/\/www.radiopresidenteibanez.cl\/web\/wp-json\/wp\/v2\/comments?post=44406"}],"version-history":[{"count":0,"href":"https:\/\/www.radiopresidenteibanez.cl\/web\/wp-json\/wp\/v2\/posts\/44406\/revisions"}],"wp:featuredmedia":[{"embeddable":true,"href":"https:\/\/www.radiopresidenteibanez.cl\/web\/wp-json\/wp\/v2\/media\/44407"}],"wp:attachment":[{"href":"https:\/\/www.radiopresidenteibanez.cl\/web\/wp-json\/wp\/v2\/media?parent=44406"}],"wp:term":[{"taxonomy":"category","embeddable":true,"href":"https:\/\/www.radiopresidenteibanez.cl\/web\/wp-json\/wp\/v2\/categories?post=44406"},{"taxonomy":"post_tag","embeddable":true,"href":"https:\/\/www.radiopresidenteibanez.cl\/web\/wp-json\/wp\/v2\/tags?post=44406"}],"curies":[{"name":"wp","href":"https:\/\/api.w.org\/{rel}","templated":true}]}}