{"id":44400,"date":"2023-11-27T08:24:00","date_gmt":"2023-11-27T11:24:00","guid":{"rendered":"https:\/\/www.radiopresidenteibanez.cl\/web\/?p=44400"},"modified":"2023-11-27T08:23:43","modified_gmt":"2023-11-27T11:23:43","slug":"la-antartica-y-el-calentamiento-global","status":"publish","type":"post","link":"https:\/\/www.radiopresidenteibanez.cl\/web\/la-antartica-y-el-calentamiento-global\/","title":{"rendered":"LA ANT\u00c1RTICA Y EL CALENTAMIENTO GLOBAL"},"content":{"rendered":"\n<p>Amigos y amigas. Esta semana el presidente Gabriel Boric, junto al secretario general de la<br>Organizaci\u00f3n de Naciones Unidas, Antonio Guterres, realizaron un viaje a la ant\u00e1rtica, para<br>relevar y poner de manifiesto, c\u00f3mo ha impactado el calentamiento global, al continente<br>blanco. Lo anterior en el marco de la realizaci\u00f3n de una nueva conferencia de la ONU.<br>Sobre el clima, a efectuarse en Dubai, el 30 de noviembre, ser\u00e1 la COP28.<br>El calentamiento global, es indesmentible. Se ha desarrollado observaciones y mediciones,<br>desde hace m\u00e1s de cien a\u00f1os, por lo que se cuenta con datos suficientes para<br>demostrarlo. En marzo del presente a\u00f1o, el IPCC, o Grupo Intergubernamental de<br>Expertos sobre el Cambio Clim\u00e1tico, public\u00f3 un informe que sintetiza ocho a\u00f1os de<br>trabajo, es absolutamente enf\u00e1tico, enfrentamos una emergencia clim\u00e1tica y debemos<br>actuar de inmediato.<br>Los expertos han calculado que el planeta se aproxima peligrosamente, a alcanzar un<br>aumento de temperatura de 1,5\u00b0C. Los estudios del panel de expertos sobre cambio<br>clim\u00e1tico (IPCC), se\u00f1alan que este aumento de temperatura podr\u00eda alcanzarse a fines de<br>este siglo, produciendo efectos en todo el planeta, afectando no s\u00f3lo nuestra forma de<br>vida, sino a todos los seres vivos. Se estima que, con un aumento de 1,5\u00b0C, en el a\u00f1o 2100<br>el 6% de los insectos, el 8% de las plantas y el 4% de los vertebrados habr\u00e1n perdido m\u00e1s<br>de la mitad de su h\u00e1bitat natural. En tanto, si el aumento de temperatura es de 2\u00b0C, estos<br>porcentajes se duplican o triplican con el 18 % de los insectos, el 16 % de las plantas y el 8<br>% de los vertebrados.<br>Asimismo, el impacto en el Agua dulce, es desastroso. Con un calentamiento de 1,5\u00baC se<br>estima una p\u00e9rdida de un 9% del agua dulce, con escasez de agua en el Mediterr\u00e1neo,<br>Australia, Brasil y Asia. En tanto, si el aumento de temperatura global alcanza los 2\u00b0C, el<br>agua dulce disminuir\u00e1 un 17% y el 8% de la poblaci\u00f3n mundial, enfrentar\u00e1 una grave<br>escasez de agua. Un aumento de 1,5\u00b0C de temperatura producir\u00e1 que el Oc\u00e9ano \u00c1rtico se<br>quede sin hielo en verano, una vez cada cien a\u00f1os. En tanto, si el aumento es de 2\u00b0C, se<br>quedar\u00e1 sin hielo en verano una vez cada diez a\u00f1os. Asimismo, se prev\u00e9 impactos en los<br>arrecifes de coral, los que arriesgan desaparecer entre un 70 y un 90 por ciento. Tambi\u00e9n<br>habr\u00e1 efectos en la producci\u00f3n de alimentos, con reducciones que van entre los 1,5<br>millones toneladas de pesca anual, con un aumento de 1,5\u00b0C, a reducciones de 3 millones<br>de toneladas de pesca, con un aumento de 2 \u00b0C. Del mismo modo, est\u00e1 en riesgo la<br>producci\u00f3n de alimentos de la tierra, con un aumento de 2\u00baC, se reducir\u00e1 sustancialmente<br>el rendimiento del ma\u00edz, el arroz, el trigo y otros cereales. Afectando especialmente el<br>\u00c1frica subsahariana, el sudeste asi\u00e1tico, Centroam\u00e9rica y Am\u00e9rica del Sur.<br>Seg\u00fan el panel de expertos, limitar el calentamiento a 1,5\u00baC podr\u00eda reducir en cientos de<br>millones de personas el n\u00famero de personas expuestas a riesgos relacionados con el clima<br>y a la pobreza resultante. Se podr\u00eda reducir riesgo de muertes relacionadas con el calor, y<\/p>\n\n\n\n<p>el n\u00famero de personas infectadas por enfermedades transmitidas por vectores, como la<br>malaria y el dengue.<br>La pr\u00f3xima COP 28, a efectuarse en Emiratos \u00c1rabes Unidos, ser\u00e1 muy relevante porque<br>ser\u00e1 la primera evaluaci\u00f3n de los compromisos globales de acci\u00f3n clim\u00e1tica de los pa\u00edses,<br>desde la adopci\u00f3n del Acuerdo de Par\u00eds en 2015.<br>El mundo ya se ha calentado +1,2\u00b0C desde el periodo preindustrial y alcanzaremos los<br>+1,5\u00b0C probablemente en 2030-2035. La contribuci\u00f3n al calentamiento global de los gases<br>de efecto invernadero, no ha impedido que los pa\u00edses del norte industrial y desarrollado,<br>contin\u00faen produciendo el 90 por ciento de las emisiones del planeta. Los expertos<br>advierten, que la oportunidad de asegurar un futuro sostenible para todos, se est\u00e1<br>cerrando aceleradamente.<br>Se dice que los ni\u00f1os y j\u00f3venes de hoy, jam\u00e1s experimentar\u00e1n las temperaturas que la<br>generaci\u00f3n adulta tuvo en su ni\u00f1ez y juventud. De hecho, es probable, que los a\u00f1os m\u00e1s<br>c\u00e1lidos de esta \u00e9poca, estar\u00e1n entre los m\u00e1s fr\u00edos dentro de una generaci\u00f3n.<br>El pr\u00f3ximo 30 de noviembre dar\u00e1 comienzo la Conferencia de las Naciones Unidas sobre el<br>Cambio Clim\u00e1tico de 2023 (COP28), en Dub\u00e1i. El informe de la comisi\u00f3n de expertos, de<br>marzo de este a\u00f1o, es lapidaria, se nos agota el tiempo, como sociedad global, para tomar<br>acciones. Las grandes potencias desarrolladas, contin\u00faan dependiendo fuertemente de los<br>combustibles f\u00f3siles, y siguen la escalada sin pausa de la producci\u00f3n industrial. Se<br>aumenta el consumo energ\u00e9tico, pero a\u00fan es muy reducida la generaci\u00f3n con energ\u00edas<br>renovables.<br>Fue muy oportuna, la invitaci\u00f3n presidencial, al secretario general de ONU, a visitar la<br>ant\u00e1rtica, para relevar el impacto profundo del cambio clim\u00e1tico, en el \u00faltimo territorio<br>natural que se mantiene pr\u00edstino en el planeta. Es un llamado de atenci\u00f3n desde el sur del<br>sur del mundo, a los tomadores de decisiones, a los estados, las grandes corporaciones, a<br>los grandes capitales. Tenemos s\u00f3lo un hogar, y est\u00e1 en serio riesgo, debemos actuar<br>ahora, si queremos que las futuras generaciones tengan una oportunidad.<br>Ernesto Sep\u00falveda Tornero<\/p>\n","protected":false},"excerpt":{"rendered":"<p>Amigos y amigas. Esta semana el presidente Gabriel Boric, junto al secretario general de laOrganizaci\u00f3n de Naciones Unidas, Antonio Guterres, realizaron un viaje a la ant\u00e1rtica, pararelevar y poner de&#8230; <a class=\"read-more\" href=\"https:\/\/www.radiopresidenteibanez.cl\/web\/la-antartica-y-el-calentamiento-global\/\">Leer m\u00e1s<\/a><\/p>\n","protected":false},"author":2,"featured_media":44401,"comment_status":"closed","ping_status":"closed","sticky":false,"template":"","format":"standard","meta":{"footnotes":""},"categories":[1],"tags":[],"class_list":["post-44400","post","type-post","status-publish","format-standard","has-post-thumbnail","hentry","category-cronica"],"_links":{"self":[{"href":"https:\/\/www.radiopresidenteibanez.cl\/web\/wp-json\/wp\/v2\/posts\/44400","targetHints":{"allow":["GET"]}}],"collection":[{"href":"https:\/\/www.radiopresidenteibanez.cl\/web\/wp-json\/wp\/v2\/posts"}],"about":[{"href":"https:\/\/www.radiopresidenteibanez.cl\/web\/wp-json\/wp\/v2\/types\/post"}],"author":[{"embeddable":true,"href":"https:\/\/www.radiopresidenteibanez.cl\/web\/wp-json\/wp\/v2\/users\/2"}],"replies":[{"embeddable":true,"href":"https:\/\/www.radiopresidenteibanez.cl\/web\/wp-json\/wp\/v2\/comments?post=44400"}],"version-history":[{"count":0,"href":"https:\/\/www.radiopresidenteibanez.cl\/web\/wp-json\/wp\/v2\/posts\/44400\/revisions"}],"wp:featuredmedia":[{"embeddable":true,"href":"https:\/\/www.radiopresidenteibanez.cl\/web\/wp-json\/wp\/v2\/media\/44401"}],"wp:attachment":[{"href":"https:\/\/www.radiopresidenteibanez.cl\/web\/wp-json\/wp\/v2\/media?parent=44400"}],"wp:term":[{"taxonomy":"category","embeddable":true,"href":"https:\/\/www.radiopresidenteibanez.cl\/web\/wp-json\/wp\/v2\/categories?post=44400"},{"taxonomy":"post_tag","embeddable":true,"href":"https:\/\/www.radiopresidenteibanez.cl\/web\/wp-json\/wp\/v2\/tags?post=44400"}],"curies":[{"name":"wp","href":"https:\/\/api.w.org\/{rel}","templated":true}]}}