{"id":44397,"date":"2023-11-26T14:04:00","date_gmt":"2023-11-26T17:04:00","guid":{"rendered":"https:\/\/www.radiopresidenteibanez.cl\/web\/?p=44397"},"modified":"2023-11-26T12:06:16","modified_gmt":"2023-11-26T15:06:16","slug":"senador-kusanovic-valora-la-creacion-de-fiscalia-local-en-puerto-williams","status":"publish","type":"post","link":"https:\/\/www.radiopresidenteibanez.cl\/web\/senador-kusanovic-valora-la-creacion-de-fiscalia-local-en-puerto-williams\/","title":{"rendered":"Senador Kusanovic valora la creaci\u00f3n de Fiscal\u00eda Local en Puerto Williams"},"content":{"rendered":"\n<p>Como \u201cun importante paso\u201d calific\u00f3 el senador por<br>Magallanes, Alejandro Kusanovic, la pr\u00f3xima instalaci\u00f3n de tres nuevas fiscal\u00edas en el pa\u00eds,<br>destacando especialmente la que ser\u00e1 construida en la comuna de Cabo de Hornos, en el<br>marco de la discusi\u00f3n presupuestaria que se est\u00e1 realizando en el Congreso Nacional.<br>Para el pr\u00f3ximo a\u00f1o el erario del Ministerio Publico experimento un incremento de un 4,5<br>%, respecto al presupuesto vigente, al cual se sumar\u00e1n 9 mil millones de pesos que se<br>transferir\u00e1n desde el programa \u201cCalle Sin Violencia\u201d de la Subsecretaria del Interior, con<br>los que se podr\u00e1n financiar gastos asociados a las unidades especializadas de homicidios<br>para fortalecer la persecuci\u00f3n penal en las comunas con mayor \u00edndice de homicidios.<br>Durante la discusi\u00f3n, Kusanovic record\u00f3 que \u201cdesde el a\u00f1o pasado vengo solicitando al<br>Ministerio Publico y al Ministerio de Justicia aumentar la dotaci\u00f3n de fiscales en la regi\u00f3n,<br>ya que mantenemos los mismos fiscales desde que se implement\u00f3 la reforma procesal<br>penal y hoy son insuficientes para afrontar todos los desaf\u00edos que tenemos. Lo mismo con<br>la solicitud que hice de crear una Fiscal\u00eda Local en Puerto Williams, lugar donde ten\u00edamos<br>tribunales y defensor\u00eda penal, pero no una fiscal\u00eda, por lo que felicito al Fiscal por este<br>importante paso.\u201d<br>Finalmente, el parlamentario llam\u00f3 al Gobierno a cumplir con los compromisos que<br>asumi\u00f3 durante la discusi\u00f3n del presupuesto, \u201cdebe darle urgencia cuanto antes al<br>proyecto de ley que fortalece el Ministerio P\u00fablico, lo que permitir\u00e1 aumentar la dotaci\u00f3n<br>de fiscales en el pa\u00eds y en la regi\u00f3n\u201d apunt\u00f3 Kusanovic.<\/p>\n","protected":false},"excerpt":{"rendered":"<p>Como \u201cun importante paso\u201d calific\u00f3 el senador porMagallanes, Alejandro Kusanovic, la pr\u00f3xima instalaci\u00f3n de tres nuevas fiscal\u00edas en el pa\u00eds,destacando especialmente la que ser\u00e1 construida en la comuna de Cabo&#8230; <a class=\"read-more\" href=\"https:\/\/www.radiopresidenteibanez.cl\/web\/senador-kusanovic-valora-la-creacion-de-fiscalia-local-en-puerto-williams\/\">Leer m\u00e1s<\/a><\/p>\n","protected":false},"author":2,"featured_media":44398,"comment_status":"closed","ping_status":"closed","sticky":false,"template":"","format":"standard","meta":{"footnotes":""},"categories":[1],"tags":[],"class_list":["post-44397","post","type-post","status-publish","format-standard","has-post-thumbnail","hentry","category-cronica"],"_links":{"self":[{"href":"https:\/\/www.radiopresidenteibanez.cl\/web\/wp-json\/wp\/v2\/posts\/44397","targetHints":{"allow":["GET"]}}],"collection":[{"href":"https:\/\/www.radiopresidenteibanez.cl\/web\/wp-json\/wp\/v2\/posts"}],"about":[{"href":"https:\/\/www.radiopresidenteibanez.cl\/web\/wp-json\/wp\/v2\/types\/post"}],"author":[{"embeddable":true,"href":"https:\/\/www.radiopresidenteibanez.cl\/web\/wp-json\/wp\/v2\/users\/2"}],"replies":[{"embeddable":true,"href":"https:\/\/www.radiopresidenteibanez.cl\/web\/wp-json\/wp\/v2\/comments?post=44397"}],"version-history":[{"count":0,"href":"https:\/\/www.radiopresidenteibanez.cl\/web\/wp-json\/wp\/v2\/posts\/44397\/revisions"}],"wp:featuredmedia":[{"embeddable":true,"href":"https:\/\/www.radiopresidenteibanez.cl\/web\/wp-json\/wp\/v2\/media\/44398"}],"wp:attachment":[{"href":"https:\/\/www.radiopresidenteibanez.cl\/web\/wp-json\/wp\/v2\/media?parent=44397"}],"wp:term":[{"taxonomy":"category","embeddable":true,"href":"https:\/\/www.radiopresidenteibanez.cl\/web\/wp-json\/wp\/v2\/categories?post=44397"},{"taxonomy":"post_tag","embeddable":true,"href":"https:\/\/www.radiopresidenteibanez.cl\/web\/wp-json\/wp\/v2\/tags?post=44397"}],"curies":[{"name":"wp","href":"https:\/\/api.w.org\/{rel}","templated":true}]}}