{"id":44391,"date":"2023-11-25T16:59:00","date_gmt":"2023-11-25T19:59:00","guid":{"rendered":"https:\/\/www.radiopresidenteibanez.cl\/web\/?p=44391"},"modified":"2023-11-25T11:59:28","modified_gmt":"2023-11-25T14:59:28","slug":"estudiantes-de-porvenir-y-punta-arenas-formaron-la-2a-generacion-de-titulados-del-cft-de-magallanes","status":"publish","type":"post","link":"https:\/\/www.radiopresidenteibanez.cl\/web\/estudiantes-de-porvenir-y-punta-arenas-formaron-la-2a-generacion-de-titulados-del-cft-de-magallanes\/","title":{"rendered":"ESTUDIANTES DE PORVENIR Y PUNTA ARENAS FORMARON LA 2\u00aa GENERACION DE TITULADOS  DEL CFT DE MAGALLANES"},"content":{"rendered":"\n<p>Un total de 24 personas, 7 varones y 17 mujeres, se titularon este jueves en la ceremonia<br>realizada en la sede acad\u00e9mica del CFT de Magallanes, en Porvenir. Esta es la segunda<br>ceremonia de egreso que realiza la casa regional de estudios t\u00e9cnicos desde su inauguraci\u00f3n en<br>2020, incluyendo en esta promoci\u00f3n a estudiantes de Punta Arenas que decidieron seguir en<br>Tierra del Fuego su educaci\u00f3n superior.<br>Especialmente emotiva fue la ceremonia organizada por el equipo acad\u00e9mico y administrativo del<br>CFT, acto que cont\u00f3 con la participaci\u00f3n de la delegada presidencial de la provincia, Karim Fierro y<br>el alcalde protocolar de Porvenir, Claudio Vera, adem\u00e1s de personeros p\u00fablicos de la provincia,<br>junto a representantes de distintas empresas y centros de pr\u00e1ctica, pero principalmente, por las y<br>los estudiantes junto a sus familiares.<br>\u201cHoy estamos viendo por primera vez la titulaci\u00f3n de dos carreras importantes para la Provincia de<br>Tierra del Fuego y adem\u00e1s para la Regi\u00f3n de Magallanes, y sabemos la labor de<br>descentralizaci\u00f3n que significa en materia de pol\u00edticas p\u00fablicas el que el Centro de Formaci\u00f3n<br>T\u00e9cnica se encuentre en esta isla (\u2026) le deseamos lo mejor a todos y todas quienes se titulan<br>hoy\u201d, coment\u00f3 la delegada provincial.<br>Por su parte, el alcalde protocolar destac\u00f3 el compromiso de las y los estudiantes y agradeci\u00f3 el<br>profesionalismo con que el equipo del CFT lleva adelante el proyecto acad\u00e9mico que naci\u00f3 en<br>Porvenir.<br>Emotivas fueron las palabras del rector (S), Jos\u00e9 Miguel Campos, quien afirm\u00f3 que \u201cesto es el<br>cierre de un ciclo de esfuerzo, sobre todo del perfil de nuestros estudiantes, que son trabajadores,<br>madres de familia o cuidadoras en muchos casos\u201d. Subray\u00f3 adem\u00e1s la relevancia que tiene para<br>la instituci\u00f3n seguir agregando la titulaci\u00f3n de nuevas carreras, ya que a los egresados de<br>Administraci\u00f3n de Sistemas Log\u00edsticos del a\u00f1o pasado, este 2023 se titularon personas en<br>Veterinaria y Producci\u00f3n Agropecuaria, y Mantenci\u00f3n de Sistemas Acu\u00edcolas, \u201cdos carreras que<br>pueden ser un aporte al desarrollo regional\u201d, indic\u00f3.<br>Emoci\u00f3n y orgullo<br>Un gran n\u00famero de familiares y seres queridos llegaron para acompa\u00f1ar a las y los titulados,<br>quienes protagonizaron momentos de especial emotividad a medida que cada uno de ellos sub\u00eda<br>al escenario para recibir su diploma y su distintivo institucional.<br>\u201cFue un momento super emocionante, y estoy agradecida igual de todo el apoyo tanto de mis<br>compa\u00f1eros, de mi familia y de toda la comunidad del CFT, no sab\u00eda que iba a recibir tantos<br>premios, pero estoy muy agradecida\u201d, se\u00f1al\u00f3 Constanza Aguilar Herrera, titulada de Veterinaria,<br>quien adem\u00e1s recibi\u00f3 el galard\u00f3n Sello CFT, por representar este a\u00f1o los valores institucionales,<br>como compromiso, colaboraci\u00f3n y resiliencia.<br>Por su parte, el titulado de Administraci\u00f3n de Sistemas Log\u00edsticos, H\u00e9ctor Riquelme Salas,<br>coment\u00f3 sobre la forma en que tom\u00f3 la decisi\u00f3n de estudiar siendo ya un jefe de hogar. \u201cTodo<br>comenz\u00f3 como una apuesta con mis hijos, de que pod\u00eda trabajar y a la vez estudiar. Ahora<br>comienza una nueva carrera, seguir aprendiendo y aplicar los conocimientos que adquirimos ac\u00e1<br>en el CFT, una gran experiencia\u201d.<br>En 2022, con la primera generaci\u00f3n de titulados, fueron 9 las personas que obtuvieron sus<br>diplomas, siendo ahora 24 los egresados: Dos de Mantenci\u00f3n de Sistemas Acu\u00edcolas, 15<br>personas de t\u00e9cnicos en Veterinaria y Producci\u00f3n Agropecuaria, y siete egresados de la carrera<br>de Administraci\u00f3n de Sistemas Log\u00edsticos.<br>La ceremonia de titulaci\u00f3n coincide con el refuerzo que la instituci\u00f3n est\u00e1 realizando en la<br>campa\u00f1a de Admisi\u00f3n 2024, que este a\u00f1o incluye la carrera t\u00e9cnica de Educaci\u00f3n Parvularia e<br>Inclusi\u00f3n, sumado a que nuevamente el pr\u00f3ximo a\u00f1o quienes deseen seguir sus estudios en el<br>CFT estatal pueden postular a la gratuidad o a cualquiera de las becas y beneficios que ofrece el<br>Ministerio de Educaci\u00f3n,<\/p>\n","protected":false},"excerpt":{"rendered":"<p>Un total de 24 personas, 7 varones y 17 mujeres, se titularon este jueves en la ceremoniarealizada en la sede acad\u00e9mica del CFT de Magallanes, en Porvenir. Esta es la&#8230; <a class=\"read-more\" href=\"https:\/\/www.radiopresidenteibanez.cl\/web\/estudiantes-de-porvenir-y-punta-arenas-formaron-la-2a-generacion-de-titulados-del-cft-de-magallanes\/\">Leer m\u00e1s<\/a><\/p>\n","protected":false},"author":2,"featured_media":44392,"comment_status":"closed","ping_status":"closed","sticky":false,"template":"","format":"standard","meta":{"footnotes":""},"categories":[1],"tags":[],"class_list":["post-44391","post","type-post","status-publish","format-standard","has-post-thumbnail","hentry","category-cronica"],"_links":{"self":[{"href":"https:\/\/www.radiopresidenteibanez.cl\/web\/wp-json\/wp\/v2\/posts\/44391","targetHints":{"allow":["GET"]}}],"collection":[{"href":"https:\/\/www.radiopresidenteibanez.cl\/web\/wp-json\/wp\/v2\/posts"}],"about":[{"href":"https:\/\/www.radiopresidenteibanez.cl\/web\/wp-json\/wp\/v2\/types\/post"}],"author":[{"embeddable":true,"href":"https:\/\/www.radiopresidenteibanez.cl\/web\/wp-json\/wp\/v2\/users\/2"}],"replies":[{"embeddable":true,"href":"https:\/\/www.radiopresidenteibanez.cl\/web\/wp-json\/wp\/v2\/comments?post=44391"}],"version-history":[{"count":0,"href":"https:\/\/www.radiopresidenteibanez.cl\/web\/wp-json\/wp\/v2\/posts\/44391\/revisions"}],"wp:featuredmedia":[{"embeddable":true,"href":"https:\/\/www.radiopresidenteibanez.cl\/web\/wp-json\/wp\/v2\/media\/44392"}],"wp:attachment":[{"href":"https:\/\/www.radiopresidenteibanez.cl\/web\/wp-json\/wp\/v2\/media?parent=44391"}],"wp:term":[{"taxonomy":"category","embeddable":true,"href":"https:\/\/www.radiopresidenteibanez.cl\/web\/wp-json\/wp\/v2\/categories?post=44391"},{"taxonomy":"post_tag","embeddable":true,"href":"https:\/\/www.radiopresidenteibanez.cl\/web\/wp-json\/wp\/v2\/tags?post=44391"}],"curies":[{"name":"wp","href":"https:\/\/api.w.org\/{rel}","templated":true}]}}