{"id":44381,"date":"2023-11-25T11:22:26","date_gmt":"2023-11-25T14:22:26","guid":{"rendered":"https:\/\/www.radiopresidenteibanez.cl\/web\/?p=44381"},"modified":"2023-11-25T11:34:21","modified_gmt":"2023-11-25T14:34:21","slug":"orfebre-marcela-alcaino-recibe-premio-regional-de-artes-y-cultura-2023","status":"publish","type":"post","link":"https:\/\/www.radiopresidenteibanez.cl\/web\/orfebre-marcela-alcaino-recibe-premio-regional-de-artes-y-cultura-2023\/","title":{"rendered":"ORFEBRE MARCELA ALCAINO RECIBE PREMIO REGIONAL DE ARTES Y CULTURA 2023"},"content":{"rendered":"\n<p>En el marco de la ceremonia de inauguraci\u00f3n de la primera Feria de Artesan\u00eda de<br>Magallanes (FAM) Lenka Guisande, se hizo entrega del Premio Regional de Artes y<br>Cultura 2023. El reconocimiento recay\u00f3 en la orfebre Marcela Alca\u00edno.<br>La distinci\u00f3n, implementada por la Seremi de las Culturas, las Artes y el<br>Patrimonio, a trav\u00e9s del programa de Fortalecimiento de la Identidad Cultural<br>Regional (FICR) el a\u00f1o 2021, valora el trabajo y la obra de creadores que han<br>aportado al rescate y fortalecimiento de la identidad regional, generando<br>dinamismo en la participaci\u00f3n ciudadana y la descentralizaci\u00f3n del desarrollo<br>art\u00edstico y cultural.<br>\u201cMe siento muy agradecida y orgullosa de tener el m\u00e9rito para recibir esta<br>distinci\u00f3n. Fue una sorpresa en este d\u00eda tan especial, que es el inicio de la Feria.<br>Este es un premio a la trayectoria y tiene que ver con lo que he realizado<br>durante muchos a\u00f1os en beneficio de la artesan\u00eda, en general, de su desarrollo y<br>crecimiento\u201d, dijo Alca\u00edno, quien se hizo acreedora de un galvano y un est\u00edmulo<br>en dinero equivalente a $ 2.250.000 (dos millones doscientos cincuenta mil<br>pesos).<br>MAESTRA ARTESANA<br>Alca\u00edno inici\u00f3 en el oficio de orfebrer\u00eda en 1987 y pr\u00e1cticamente toda su vida<br>laboral la ha dedicado a la artesan\u00eda, innovando con la generaci\u00f3n de piezas<br>inspiradas en el territorio y paisajes de la Patagonia y la regi\u00f3n de Magallanes.<br>Adem\u00e1s del trabajo creativo, ha destinado tiempo a compartir sus conocimientos<br>y experiencias a trav\u00e9s de la realizaci\u00f3n de diversos talleres destinados a adultos<br>y tambi\u00e9n j\u00f3venes, ni\u00f1as y ni\u00f1os. El 2015 obtuvo el Sello de Excelencia a la<br>Artesan\u00eda Chile. Ese mismo a\u00f1o fue reconocida como Maestra Artesana y<br>Excelencia de la UNESCO, el 2016.<\/p>\n\n\n\n<p>FERIA LENKA GUISANDE<br>Con la participaci\u00f3n de veinticinco especialistas de la disciplina se dio inicio a la<br>primera \u201cFeria de Artesan\u00eda Tradicional, Contempor\u00e1nea y de Patrimonio<br>Ind\u00edgena de Magallanes (FAM) Lenka Guisande 2023&#8243;.<br>Este evento, impulsado por la Mesa Regional de Artesan\u00eda m\u00e1s el apoyo de la<br>Seremi de las Culturas, las Artes y el Patrimonio, se desarrollar\u00e1 desde este<br>viernes y hasta el domingo 26 de noviembre. El p\u00fablico podr\u00e1 visitar la muestra,<br>entre las 11.00 y 20.00 horas, en dependencias del restaurant El Arriero, ubicado<br>en calle Manantiales N\u00b0 759, Punta Arenas. El acceso gratuito.<br>\u201cDimos por inaugurada la primera Feria de Artesan\u00eda Tradicional, Contempor\u00e1nea<br>y de Patrimonio Ind\u00edgena, en Punta Arenas y que este a\u00f1o lleva el nombre Lenka<br>Guisande, en honor a esta destacada orfebre que nos dej\u00f3 f\u00edsicamente hace<br>poco. Y a modo de reconocimiento y tambi\u00e9n como fruto del trabajo colectivo y<br>colaborativo de la Mesa Regional de artesanos y artesanas, es que culminamos<br>este a\u00f1o con esta gran feria que va a estar presente durante tres d\u00edas\u201d, dijo el<br>Seremi de las Culturas, Diego Garc\u00eda, durante la ceremonia de inauguraci\u00f3n<br>efectuada este mediod\u00eda.<br>\u00abFAM 2023\u00bb, producto de una iniciativa de las y&nbsp; los integrantes de la Mesa de<br>Artesan\u00eda, rinde homenaje p\u00f3stumo a la artista Lenka Guisande, fallecida el 13<br>de octubre pasado.<br>La Feria, que se lleva a cabo en el contexto del D\u00eda de la Artesan\u00eda (7 de<br>noviembre), re\u00fane piezas confeccionadas en orfebrer\u00eda, reciclaje, cer\u00e1mica,<br>curtiembre, textil, cester\u00eda kaw\u00e9sqar, alfarer\u00eda y modelado en pasta. Adem\u00e1s,<br>dispondr\u00e1 en el mismo recinto, micro-talleres de curtiembre y lana para ni\u00f1as y<br>ni\u00f1os; y de cer\u00e1mica para todo p\u00fablico. Ser\u00e1n abiertos a la comunidad y de<br>acceso gratuito.<\/p>\n","protected":false},"excerpt":{"rendered":"<p>En el marco de la ceremonia de inauguraci\u00f3n de la primera Feria de Artesan\u00eda deMagallanes (FAM) Lenka Guisande, se hizo entrega del Premio Regional de Artes yCultura 2023. El reconocimiento&#8230; <a class=\"read-more\" href=\"https:\/\/www.radiopresidenteibanez.cl\/web\/orfebre-marcela-alcaino-recibe-premio-regional-de-artes-y-cultura-2023\/\">Leer m\u00e1s<\/a><\/p>\n","protected":false},"author":2,"featured_media":44382,"comment_status":"closed","ping_status":"closed","sticky":false,"template":"","format":"standard","meta":{"footnotes":""},"categories":[1],"tags":[],"class_list":["post-44381","post","type-post","status-publish","format-standard","has-post-thumbnail","hentry","category-cronica"],"_links":{"self":[{"href":"https:\/\/www.radiopresidenteibanez.cl\/web\/wp-json\/wp\/v2\/posts\/44381","targetHints":{"allow":["GET"]}}],"collection":[{"href":"https:\/\/www.radiopresidenteibanez.cl\/web\/wp-json\/wp\/v2\/posts"}],"about":[{"href":"https:\/\/www.radiopresidenteibanez.cl\/web\/wp-json\/wp\/v2\/types\/post"}],"author":[{"embeddable":true,"href":"https:\/\/www.radiopresidenteibanez.cl\/web\/wp-json\/wp\/v2\/users\/2"}],"replies":[{"embeddable":true,"href":"https:\/\/www.radiopresidenteibanez.cl\/web\/wp-json\/wp\/v2\/comments?post=44381"}],"version-history":[{"count":0,"href":"https:\/\/www.radiopresidenteibanez.cl\/web\/wp-json\/wp\/v2\/posts\/44381\/revisions"}],"wp:featuredmedia":[{"embeddable":true,"href":"https:\/\/www.radiopresidenteibanez.cl\/web\/wp-json\/wp\/v2\/media\/44382"}],"wp:attachment":[{"href":"https:\/\/www.radiopresidenteibanez.cl\/web\/wp-json\/wp\/v2\/media?parent=44381"}],"wp:term":[{"taxonomy":"category","embeddable":true,"href":"https:\/\/www.radiopresidenteibanez.cl\/web\/wp-json\/wp\/v2\/categories?post=44381"},{"taxonomy":"post_tag","embeddable":true,"href":"https:\/\/www.radiopresidenteibanez.cl\/web\/wp-json\/wp\/v2\/tags?post=44381"}],"curies":[{"name":"wp","href":"https:\/\/api.w.org\/{rel}","templated":true}]}}