{"id":44371,"date":"2023-11-24T15:13:00","date_gmt":"2023-11-24T18:13:00","guid":{"rendered":"https:\/\/www.radiopresidenteibanez.cl\/web\/?p=44371"},"modified":"2023-11-24T10:48:59","modified_gmt":"2023-11-24T13:48:59","slug":"senador-kusanovic-valoro-aumento-de-recursos-para-centro-de-rehabilitacion-cruz-del-sur","status":"publish","type":"post","link":"https:\/\/www.radiopresidenteibanez.cl\/web\/senador-kusanovic-valoro-aumento-de-recursos-para-centro-de-rehabilitacion-cruz-del-sur\/","title":{"rendered":"SENADOR KUSANOVIC VALORO AUMENTO DE RECURSOS PARA CENTRO DE REHABILITACION CRUZ DEL SUR"},"content":{"rendered":"\n<p>Durante la discusi\u00f3n presupuestaria aprovech\u00f3 de agradecer la labor de los integrantes de<br>la Comisi\u00f3n de Salud y de Presupuesto.<br>Muy contento se mostr\u00f3 el senador por Magallanes, Alejandro Kusanovic, tras la<br>aprobaci\u00f3n de mayores recursos al Centro de Rehabilitaci\u00f3n Cruz del Sur, que ascienden a<br>2.300 millones de la pesos, en el marco de la discusi\u00f3n de la Ley de Presupuesto para el<br>a\u00f1o 2024.<br>Kusanovic agradeci\u00f3 el trabajo conjunto realizado con los parlamentarios integrantes de la<br>Comisi\u00f3n de Salud, Francisco Chahuan y Juan Luis Castro, as\u00ed como del miembro de la<br>Comisi\u00f3n Mixta de Presupuestos, senador Rafael Prohens, quienes lograron visibilizar la<br>importancia del Centro que busca mejorar la calidad de vida de los magallanicos.<br>El parlamentario record\u00f3 que \u201cdurante este a\u00f1o, junto a parlamentarios de la Comision de<br>Salud y su Director Asterio Andrade, gestionamos diversas reuniones y sesiones con el fin<br>de dar a conocer el trabajo que realiza el Centro y la importancia de obtener mayores<br>recursos para abordar las brechas en la regi\u00f3n y continuar con la rehabilitaci\u00f3n de los<br>pacientes, por lo que solo queda agradecer su compromiso luego de haber obtenido el<br>aumento en su presupuesto que les permitir\u00e1 continuar funcionando\u201d.<\/p>\n","protected":false},"excerpt":{"rendered":"<p>Durante la discusi\u00f3n presupuestaria aprovech\u00f3 de agradecer la labor de los integrantes dela Comisi\u00f3n de Salud y de Presupuesto.Muy contento se mostr\u00f3 el senador por Magallanes, Alejandro Kusanovic, tras laaprobaci\u00f3n&#8230; <a class=\"read-more\" href=\"https:\/\/www.radiopresidenteibanez.cl\/web\/senador-kusanovic-valoro-aumento-de-recursos-para-centro-de-rehabilitacion-cruz-del-sur\/\">Leer m\u00e1s<\/a><\/p>\n","protected":false},"author":2,"featured_media":44372,"comment_status":"closed","ping_status":"closed","sticky":false,"template":"","format":"standard","meta":{"footnotes":""},"categories":[1],"tags":[],"class_list":["post-44371","post","type-post","status-publish","format-standard","has-post-thumbnail","hentry","category-cronica"],"_links":{"self":[{"href":"https:\/\/www.radiopresidenteibanez.cl\/web\/wp-json\/wp\/v2\/posts\/44371","targetHints":{"allow":["GET"]}}],"collection":[{"href":"https:\/\/www.radiopresidenteibanez.cl\/web\/wp-json\/wp\/v2\/posts"}],"about":[{"href":"https:\/\/www.radiopresidenteibanez.cl\/web\/wp-json\/wp\/v2\/types\/post"}],"author":[{"embeddable":true,"href":"https:\/\/www.radiopresidenteibanez.cl\/web\/wp-json\/wp\/v2\/users\/2"}],"replies":[{"embeddable":true,"href":"https:\/\/www.radiopresidenteibanez.cl\/web\/wp-json\/wp\/v2\/comments?post=44371"}],"version-history":[{"count":0,"href":"https:\/\/www.radiopresidenteibanez.cl\/web\/wp-json\/wp\/v2\/posts\/44371\/revisions"}],"wp:featuredmedia":[{"embeddable":true,"href":"https:\/\/www.radiopresidenteibanez.cl\/web\/wp-json\/wp\/v2\/media\/44372"}],"wp:attachment":[{"href":"https:\/\/www.radiopresidenteibanez.cl\/web\/wp-json\/wp\/v2\/media?parent=44371"}],"wp:term":[{"taxonomy":"category","embeddable":true,"href":"https:\/\/www.radiopresidenteibanez.cl\/web\/wp-json\/wp\/v2\/categories?post=44371"},{"taxonomy":"post_tag","embeddable":true,"href":"https:\/\/www.radiopresidenteibanez.cl\/web\/wp-json\/wp\/v2\/tags?post=44371"}],"curies":[{"name":"wp","href":"https:\/\/api.w.org\/{rel}","templated":true}]}}