{"id":44367,"date":"2023-11-24T13:50:00","date_gmt":"2023-11-24T16:50:00","guid":{"rendered":"https:\/\/www.radiopresidenteibanez.cl\/web\/?p=44367"},"modified":"2023-11-24T10:43:35","modified_gmt":"2023-11-24T13:43:35","slug":"autoridades-de-vivienda-y-gore-inspeccionaron-avance-de-proyecto-habitacional-los-sauces","status":"publish","type":"post","link":"https:\/\/www.radiopresidenteibanez.cl\/web\/autoridades-de-vivienda-y-gore-inspeccionaron-avance-de-proyecto-habitacional-los-sauces\/","title":{"rendered":"AUTORIDADES DE VIVIENDA Y GORE INSPECCIONARON AVANCE DE PROYECTO HABITACIONAL LOS SAUCES"},"content":{"rendered":"\n<p>La visita de inspecci\u00f3n al proyecto habitacional Los Sauces, Etapa 8, cont\u00f3 con la participaci\u00f3n del Gobernador Regional Jorge Flies A\u00f1\u00f3n; el Seremi de Vivienda y Urbanismo, Marco Uribe Saldivia; los consejeros regionales Antonio Bradasic Sillard, Antonio R\u00edspoli Giner y Pablo Cifuentes Vladilo; el coordinador del Plan de Emergencia Habitacional del SERVIU, Jorge Negr\u00f3n Castro; profesionales de la instituci\u00f3n que conforman la Unidad T\u00e9cnica del proyecto; personal de la Entidad Patrocinante Inmobiliaria Ebco Omcorp y de la constructora Ebco.<\/p>\n\n\n\n<p>El Seremi de Vivienda y Urbanismo, Marco Uribe Saldivia, se\u00f1al\u00f3 \u201cAgradecemos la participaci\u00f3n del Gobernador Jorge Flies y de los consejeros Antonio Bradasic, Antonio R\u00edspoli y Pablo Cifuentes en esta visita donde apreciamos el avance en la construcci\u00f3n simult\u00e1nea de cuatro proyectos habitacionales sin deuda que alcanzan las 500 viviendas financiadas por el Programa Fondo Solidario de Elecci\u00f3n de Vivienda y el Gobierno Regional. Tanto los subsidios habitacionales como el financiamiento regional complementario fueron aprobados el a\u00f1o pasado como parte del convenio MINVU-GORE vigente\u201d, acot\u00f3.<\/p>\n\n\n\n<p>La autoridad agreg\u00f3 que a la actividad fue convocado el pleno del Consejo Regional, con el objetivo de dar cuenta en terreno del avance del Plan de Emergencia Habitacional,&nbsp;que cuenta con&nbsp;1.378 viviendas entregadas a la fecha y otras 2.662 en construcci\u00f3n.<\/p>\n\n\n\n<p>Los conjuntos habitacionales Los Sauces, etapas 4, 5, 7 y 8, representan una inversi\u00f3n de 43.835 millones de pesos aproximadamente, provenientes del Programa Fondo Solidario de Elecci\u00f3n de Vivienda (D.S. N\u00b049), destinado a familias en condici\u00f3n de vulnerabilidad, aporte del Gobierno Regional y ahorro de los postulantes.&nbsp;<\/p>\n\n\n\n<p>El conjunto habitacional Los Sauces, Etapa 8, consta de 146 viviendas sin deuda, presenta un 26 por ciento de avance. Las faenas se encuentran en etapa de instalaci\u00f3n de estructura de metalcon, instalaci\u00f3n de sistema de aislamiento t\u00e9rmico, excavaciones para instalaciones domiciliarias y matriz de agua potable.<\/p>\n\n\n\n<p>Las viviendas constan de 61,68 metros cuadrados, en dos niveles. Cada uno de los conjuntos habitacionales posee una sala de uso m\u00faltiple, de 92 m2, zonas destinadas a juegos infantiles, circuito de ejercicios y \u00e1reas verdes.<\/p>\n","protected":false},"excerpt":{"rendered":"<p>La visita de inspecci\u00f3n al proyecto habitacional Los Sauces, Etapa 8, cont\u00f3 con la participaci\u00f3n del Gobernador Regional Jorge Flies A\u00f1\u00f3n; el Seremi de Vivienda y Urbanismo, Marco Uribe Saldivia;&#8230; <a class=\"read-more\" href=\"https:\/\/www.radiopresidenteibanez.cl\/web\/autoridades-de-vivienda-y-gore-inspeccionaron-avance-de-proyecto-habitacional-los-sauces\/\">Leer m\u00e1s<\/a><\/p>\n","protected":false},"author":2,"featured_media":44368,"comment_status":"closed","ping_status":"closed","sticky":false,"template":"","format":"standard","meta":{"footnotes":""},"categories":[1],"tags":[],"class_list":["post-44367","post","type-post","status-publish","format-standard","has-post-thumbnail","hentry","category-cronica"],"_links":{"self":[{"href":"https:\/\/www.radiopresidenteibanez.cl\/web\/wp-json\/wp\/v2\/posts\/44367","targetHints":{"allow":["GET"]}}],"collection":[{"href":"https:\/\/www.radiopresidenteibanez.cl\/web\/wp-json\/wp\/v2\/posts"}],"about":[{"href":"https:\/\/www.radiopresidenteibanez.cl\/web\/wp-json\/wp\/v2\/types\/post"}],"author":[{"embeddable":true,"href":"https:\/\/www.radiopresidenteibanez.cl\/web\/wp-json\/wp\/v2\/users\/2"}],"replies":[{"embeddable":true,"href":"https:\/\/www.radiopresidenteibanez.cl\/web\/wp-json\/wp\/v2\/comments?post=44367"}],"version-history":[{"count":0,"href":"https:\/\/www.radiopresidenteibanez.cl\/web\/wp-json\/wp\/v2\/posts\/44367\/revisions"}],"wp:featuredmedia":[{"embeddable":true,"href":"https:\/\/www.radiopresidenteibanez.cl\/web\/wp-json\/wp\/v2\/media\/44368"}],"wp:attachment":[{"href":"https:\/\/www.radiopresidenteibanez.cl\/web\/wp-json\/wp\/v2\/media?parent=44367"}],"wp:term":[{"taxonomy":"category","embeddable":true,"href":"https:\/\/www.radiopresidenteibanez.cl\/web\/wp-json\/wp\/v2\/categories?post=44367"},{"taxonomy":"post_tag","embeddable":true,"href":"https:\/\/www.radiopresidenteibanez.cl\/web\/wp-json\/wp\/v2\/tags?post=44367"}],"curies":[{"name":"wp","href":"https:\/\/api.w.org\/{rel}","templated":true}]}}