{"id":44361,"date":"2023-11-24T11:21:00","date_gmt":"2023-11-24T14:21:00","guid":{"rendered":"https:\/\/www.radiopresidenteibanez.cl\/web\/?p=44361"},"modified":"2023-11-24T08:47:52","modified_gmt":"2023-11-24T11:47:52","slug":"umag-conmemorara-dia-del-cine-chileno-con-conversatorio-y-taller","status":"publish","type":"post","link":"https:\/\/www.radiopresidenteibanez.cl\/web\/umag-conmemorara-dia-del-cine-chileno-con-conversatorio-y-taller\/","title":{"rendered":"UMAG CONMEMORARA DIA DEL CINE CHILENO CON CONVERSATORIO Y TALLER"},"content":{"rendered":"\n<p>Este pr\u00f3ximo lunes 27 de noviembre, a las 19.00 horas, se conmemorar\u00e1, en la Universidad de Magallanes (UMAG) el D\u00eda del Cine Chileno, una actividad organizada por el \u00c1rea de Arte, Culturas y Patrimonio dependiente de la Direcci\u00f3n de Desarrollo Cultural y Deportivo en conjunto con la Unidad de Derechos Humanos y Ciudadan\u00eda de la casa de estudios, y en colaboraci\u00f3n con la Asociaci\u00f3n Chilena de Cinematograf\u00eda (ACC).<\/p>\n\n\n\n<p>La instancia principal rendir\u00e1 un homenaje a Jorge M\u00fcller y Carmen Bueno, trabajadores cinematogr\u00e1ficos que, el d\u00eda&nbsp;29 de noviembre de 1974, fueron secuestrados por la DINA. Carmen, de 24 a\u00f1os, y Jorge, de 27, fueron trasladados hasta Villa Grimaldi, lugar donde fueron v\u00edctimas de tortura y agresiones por parte de agentes del Estado.&nbsp;Hasta la fecha, sus cuerpos se encuentran desaparecidos. En 1984, la Asociaci\u00f3n Gremial de Profesionales y T\u00e9cnicos Audiovisuales estableci\u00f3 el d\u00eda 29 de noviembre como el D\u00eda del Cine Chileno.<\/p>\n\n\n\n<p>En este evento participar\u00e1 el cineasta magall\u00e1nico Patricio Riquelme Fagerstr\u00f6m (director de la pel\u00edcula \u201cGente Mala del Norte\u201d) y la cineasta e investigadora Wayra Galland, que ha trabajado en torno a la obra de Jorge M\u00fcller, que fue el director de fotograf\u00eda y camar\u00f3grafo de pel\u00edculas fundamentales del Nuevo Cine Chileno como \u201cLa Batalla de Chile\u201d y \u201cPalomita Blanca\u201d. All\u00ed, mostrar\u00e1 su proyecto \u201cTrilog\u00eda revelada\u201d, una colecci\u00f3n de libros que rescata una serie de cuadernos que pertenecieron a Jorge M\u00fcller, que combinan anotaciones t\u00e9cnicas y dibujos, y que fueron atesorados durante d\u00e9cadas por sus padres.<\/p>\n\n\n\n<p>\u201cEn estos d\u00edas, en que la Memoria tiene que ser m\u00e1s reforzada que nunca para la no repetici\u00f3n del terrorismo de Estado, el recordar a Jorge M\u00fcller y Carmen Bueno es necesario para reflexionar sobre el papel que los artistas juegan en el desarrollo de un pa\u00eds. Y preguntarse por qu\u00e9, creadores como ellos, y como V\u00edctor Jara y Jorge Pe\u00f1a, fueron objetivos para quienes quebraron la democracia e instauraron una larga dictadura en Chile\u201d, explica&nbsp;Rafael&nbsp;Cheuquelaf, profesional del \u00c1rea de Arte, Culturas y Patrimonios de la UMAG y gestor a cargo del evento enmarcado&nbsp;en las actividades de conmemoraci\u00f3n de los 50 A\u00f1os del Golpe de Estado, llevadas a cabo por el plantel de educaci\u00f3n superior.<\/p>\n\n\n\n<p>Al d\u00eda siguiente, Wayra Galland y Carolina Labb\u00e9 impartir\u00e1n un taller Cianotipia (una forma artesanal de fotograf\u00eda), en el centro de documentaci\u00f3n del Instituto de la Patagonia. Las inscripciones pueden hacerse escribiendo al correo&nbsp;<a href=\"mailto:rafael.cheuquelaf@umag.cl\" target=\"_blank\" rel=\"noreferrer noopener\">rafael.cheuquelaf@umag.cl<\/a>. La entrada al evento es liberada y la invitaci\u00f3n a este conversatorio y el posterior taller es extensiva a toda la comunidad.<\/p>\n","protected":false},"excerpt":{"rendered":"<p>Este pr\u00f3ximo lunes 27 de noviembre, a las 19.00 horas, se conmemorar\u00e1, en la Universidad de Magallanes (UMAG) el D\u00eda del Cine Chileno, una actividad organizada por el \u00c1rea de&#8230; <a class=\"read-more\" href=\"https:\/\/www.radiopresidenteibanez.cl\/web\/umag-conmemorara-dia-del-cine-chileno-con-conversatorio-y-taller\/\">Leer m\u00e1s<\/a><\/p>\n","protected":false},"author":2,"featured_media":44362,"comment_status":"closed","ping_status":"closed","sticky":false,"template":"","format":"standard","meta":{"footnotes":""},"categories":[1],"tags":[],"class_list":["post-44361","post","type-post","status-publish","format-standard","has-post-thumbnail","hentry","category-cronica"],"_links":{"self":[{"href":"https:\/\/www.radiopresidenteibanez.cl\/web\/wp-json\/wp\/v2\/posts\/44361","targetHints":{"allow":["GET"]}}],"collection":[{"href":"https:\/\/www.radiopresidenteibanez.cl\/web\/wp-json\/wp\/v2\/posts"}],"about":[{"href":"https:\/\/www.radiopresidenteibanez.cl\/web\/wp-json\/wp\/v2\/types\/post"}],"author":[{"embeddable":true,"href":"https:\/\/www.radiopresidenteibanez.cl\/web\/wp-json\/wp\/v2\/users\/2"}],"replies":[{"embeddable":true,"href":"https:\/\/www.radiopresidenteibanez.cl\/web\/wp-json\/wp\/v2\/comments?post=44361"}],"version-history":[{"count":0,"href":"https:\/\/www.radiopresidenteibanez.cl\/web\/wp-json\/wp\/v2\/posts\/44361\/revisions"}],"wp:featuredmedia":[{"embeddable":true,"href":"https:\/\/www.radiopresidenteibanez.cl\/web\/wp-json\/wp\/v2\/media\/44362"}],"wp:attachment":[{"href":"https:\/\/www.radiopresidenteibanez.cl\/web\/wp-json\/wp\/v2\/media?parent=44361"}],"wp:term":[{"taxonomy":"category","embeddable":true,"href":"https:\/\/www.radiopresidenteibanez.cl\/web\/wp-json\/wp\/v2\/categories?post=44361"},{"taxonomy":"post_tag","embeddable":true,"href":"https:\/\/www.radiopresidenteibanez.cl\/web\/wp-json\/wp\/v2\/tags?post=44361"}],"curies":[{"name":"wp","href":"https:\/\/api.w.org\/{rel}","templated":true}]}}