{"id":4435,"date":"2019-05-22T15:08:25","date_gmt":"2019-05-22T15:08:25","guid":{"rendered":"http:\/\/www.radiopresidenteibanez.cl\/web\/?p=4435"},"modified":"2019-05-22T15:08:41","modified_gmt":"2019-05-22T15:08:41","slug":"vialidad-gobernacion-provincial-y-otros-servicios-trabajaron-y-definieron-el-plan-de-invierno-en-rutas-para-la-provincia","status":"publish","type":"post","link":"https:\/\/www.radiopresidenteibanez.cl\/web\/vialidad-gobernacion-provincial-y-otros-servicios-trabajaron-y-definieron-el-plan-de-invierno-en-rutas-para-la-provincia\/","title":{"rendered":"VIALIDAD, GOBERNACI\u00d3N PROVINCIAL Y OTROS SERVICIOS TRABAJARON Y DEFINIERON EL PLAN DE INVIERNO EN RUTAS PARA LA PROVINCIA"},"content":{"rendered":"\n<p>La escarcha,\nel fr\u00edo, viento y leves chubascos de agua nieve han marcado la espera de la\nllegada del invierno en su totalidad. Accidentes, salidas del camino han sido\nparte del panorama que se ha podido observar en las rutas de la provincia en\nestas \u00faltimas dos semanas. Es por esto que Vialidad present\u00f3 ante autoridades y\nservicios p\u00fablicos la maquinaria y personal con la que contar\u00e1n durante esta\ntemporada invernal y as\u00ed minimizar los riesgos que pueden traer las condiciones\nclim\u00e1ticas adversas que caracterizan a la provincia en invierno.<\/p>\n\n\n\n<p>&nbsp;&nbsp;&nbsp;&nbsp;&nbsp;&nbsp;&nbsp;&nbsp;&nbsp;&nbsp;&nbsp;&nbsp;&nbsp; La\nGobernadora Ana Mayorga, quien recopil\u00f3 necesidades de variados grupos tanto de\ntransportistas, como vecinos que transitan por las rutas, y levant\u00f3 los\nrequerimientos a Vialidad. \u201cCon esto empezamos a preparar el plan de invierno\nen rutas, principalmente enfoc\u00e1ndonos en el plan de contingencia que tiene\nVialidad, donde acordamos tambi\u00e9n coordinarnos con Carabineros, que siempre\nest\u00e1 monitoreando la ruta, que siempre est\u00e1 en terreno y tambi\u00e9n con Aduana\npara manejar el tema de los pasos fronterizos, y los puntos m\u00e1s complicados a\nla hora de transitar. Los horarios de los pasos tambi\u00e9n se ajustaron a nuestro\ninvierno desde el 1 de junio hasta el 1 de septiembre. Tambi\u00e9n hemos acordado\nalgunas iniciativas que vamos a levantar un proyecto que nos permita tambi\u00e9n\nestar manejando oportunamente todo el tema clim\u00e1tico y c\u00f3mo operan en terreno\nen diferentes horarios\u201d.<\/p>\n\n\n\n<p>&nbsp;&nbsp;&nbsp;&nbsp;&nbsp;&nbsp;&nbsp;&nbsp;&nbsp;&nbsp;&nbsp;&nbsp;&nbsp; El\nCoordinador provincial de Vialidad, Mauricio Bustos, manifest\u00f3 que \u201ca partir\ndel 1 de junio hasta el 31 de agosto, estar\u00e1 en vigencia el plan de invierno\nque lo hemos mejorado, ya que hemos ido incorporando otras rutas que el a\u00f1o\npasado no estaban como por ejemplo el Paso Fronterizo R\u00edo Don Guillermo y\nnormalmente estamos interviniendo con la sal, que es lo m\u00e1s importante en la\nma\u00f1ana con la escarcha, tratando de abarcar la m\u00e1xima extensi\u00f3n posible, con\nlos recursos que tenemos disponibles. La idea es estar coordinados con los\ndem\u00e1s servicios para poder abordar de mejor manera este plan. En este momento\ntenemos dos camiones saleros, tres motoniveladoras y equipo de apoyo como para\notro tipo de emergencias, como el cargador frontal y bulldozer,\nretroexcavadoras de apoyo\u201d.<\/p>\n\n\n\n<p>\u00a0\u00a0\u00a0\u00a0\u00a0\u00a0\u00a0\u00a0\u00a0\u00a0\u00a0\u00a0\u00a0 Finalmente, el alcalde de Torres del Payne, Roberto C\u00e1rdenas, indic\u00f3 que \u201cestuvimos viendo cual va a ser el trabajo que va a realizar Vialidad durante este invierno en este caso desde el 1 de junio hasta el 1 de agosto, los tres meses m\u00e1s cr\u00edticos donde siempre tenemos dificultades con el tema de la nieve, de la escarcha. Adem\u00e1s, aqu\u00ed tambi\u00e9n est\u00e1n los otros servicios p\u00fablicos importantes para coordinarnos con la informaci\u00f3n y para ir a ver en terreno muchas veces la informaci\u00f3n que se transmite. Nosotros est\u00e1bamos con una preocupaci\u00f3n especial, la conservaci\u00f3n global del Parque, la cual se adjudica en el mes de junio, por lo tanto, durante estos meses, la administraci\u00f3n directa de la conservaci\u00f3n la realizar\u00e1 Vialidad y eso hace que mayores recursos se dispongan en el mejoramiento de caminos, en este caso cuando hay mucho tr\u00e1fico en reparaciones o mantenciones. Hoy en d\u00eda Vialidad present\u00f3 nuevas alternativas, donde implica el arriendo de maquinaria, y empresas como ICV que tambi\u00e9n se tienen que encargar de algunos tramos, en general fue una reuni\u00f3n muy productiva\u201d.<\/p>\n\n\n\n<figure class=\"wp-block-image\"><img loading=\"lazy\" decoding=\"async\" width=\"1024\" height=\"768\" src=\"https:\/\/www.radiopresidenteibanez.cl\/web\/wp-content\/uploads\/2019\/05\/WhatsApp-Image-2019-05-20-at-17.05.22-1024x768.jpeg\" alt=\"\" class=\"wp-image-4436\" srcset=\"https:\/\/www.radiopresidenteibanez.cl\/web\/wp-content\/uploads\/2019\/05\/WhatsApp-Image-2019-05-20-at-17.05.22-1024x768.jpeg 1024w, https:\/\/www.radiopresidenteibanez.cl\/web\/wp-content\/uploads\/2019\/05\/WhatsApp-Image-2019-05-20-at-17.05.22-300x225.jpeg 300w, https:\/\/www.radiopresidenteibanez.cl\/web\/wp-content\/uploads\/2019\/05\/WhatsApp-Image-2019-05-20-at-17.05.22-768x576.jpeg 768w, https:\/\/www.radiopresidenteibanez.cl\/web\/wp-content\/uploads\/2019\/05\/WhatsApp-Image-2019-05-20-at-17.05.22.jpeg 1280w\" sizes=\"auto, (max-width: 1024px) 100vw, 1024px\" \/><\/figure>\n","protected":false},"excerpt":{"rendered":"<p>La escarcha, el fr\u00edo, viento y leves chubascos de agua nieve han marcado la espera de la llegada del invierno en su totalidad. Accidentes, salidas del camino han sido parte&#8230; <a class=\"read-more\" href=\"https:\/\/www.radiopresidenteibanez.cl\/web\/vialidad-gobernacion-provincial-y-otros-servicios-trabajaron-y-definieron-el-plan-de-invierno-en-rutas-para-la-provincia\/\">Leer m\u00e1s<\/a><\/p>\n","protected":false},"author":2,"featured_media":4436,"comment_status":"closed","ping_status":"closed","sticky":false,"template":"","format":"standard","meta":{"footnotes":""},"categories":[1],"tags":[],"class_list":["post-4435","post","type-post","status-publish","format-standard","has-post-thumbnail","hentry","category-cronica"],"_links":{"self":[{"href":"https:\/\/www.radiopresidenteibanez.cl\/web\/wp-json\/wp\/v2\/posts\/4435","targetHints":{"allow":["GET"]}}],"collection":[{"href":"https:\/\/www.radiopresidenteibanez.cl\/web\/wp-json\/wp\/v2\/posts"}],"about":[{"href":"https:\/\/www.radiopresidenteibanez.cl\/web\/wp-json\/wp\/v2\/types\/post"}],"author":[{"embeddable":true,"href":"https:\/\/www.radiopresidenteibanez.cl\/web\/wp-json\/wp\/v2\/users\/2"}],"replies":[{"embeddable":true,"href":"https:\/\/www.radiopresidenteibanez.cl\/web\/wp-json\/wp\/v2\/comments?post=4435"}],"version-history":[{"count":0,"href":"https:\/\/www.radiopresidenteibanez.cl\/web\/wp-json\/wp\/v2\/posts\/4435\/revisions"}],"wp:featuredmedia":[{"embeddable":true,"href":"https:\/\/www.radiopresidenteibanez.cl\/web\/wp-json\/wp\/v2\/media\/4436"}],"wp:attachment":[{"href":"https:\/\/www.radiopresidenteibanez.cl\/web\/wp-json\/wp\/v2\/media?parent=4435"}],"wp:term":[{"taxonomy":"category","embeddable":true,"href":"https:\/\/www.radiopresidenteibanez.cl\/web\/wp-json\/wp\/v2\/categories?post=4435"},{"taxonomy":"post_tag","embeddable":true,"href":"https:\/\/www.radiopresidenteibanez.cl\/web\/wp-json\/wp\/v2\/tags?post=4435"}],"curies":[{"name":"wp","href":"https:\/\/api.w.org\/{rel}","templated":true}]}}