{"id":44326,"date":"2023-11-23T11:22:00","date_gmt":"2023-11-23T14:22:00","guid":{"rendered":"https:\/\/www.radiopresidenteibanez.cl\/web\/?p=44326"},"modified":"2023-11-23T09:33:50","modified_gmt":"2023-11-23T12:33:50","slug":"informativo-matinal-orbe-11","status":"publish","type":"post","link":"https:\/\/www.radiopresidenteibanez.cl\/web\/informativo-matinal-orbe-11\/","title":{"rendered":"INFORMATIVO MATINAL ORBE"},"content":{"rendered":"\n<p>El expresidente Eduardo Frei Ruiz-Tagle anunci\u00f3<br>que su sufragio ser\u00e1 A Favor en el plebiscito del 17 de<br>diciembre, afirmando que su decisi\u00f3n no es \u00abun voto por la<br>extrema derecha\u00bb. A trav\u00e9s de una carta p\u00fablica, el<br>exmandatario expres\u00f3 que \u00abhan pasado cuatro a\u00f1os desde el<br>acuerdo pol\u00edtico que dio origen a la primera convenci\u00f3n<br>constitucional, y tengo la convicci\u00f3n que debemos cerrar este<br>cap\u00edtulo\u00bb, apunt\u00f3.<\/p>\n\n\n\n<p>SANTIAGO.- Tal situaci\u00f3n, indic\u00f3 el mandatario debe ocurrir<br>\u00abpor el bien del pa\u00eds y para avanzar decididamente en una<br>agenda que resuelva las necesidades de nuestros compatriotas.<br>Chile debe terminar con la incertidumbre y la inseguridad<br>social y jur\u00eddica que menoscaban la calidad de vida de los<br>chilenos y que limitan las inversiones en un momento en que<br>el pa\u00eds las requiere con urgencia\u00bb, puntualiz\u00f3.<\/p>\n\n\n\n<p>PUNTA ARENAS.- El presidente Gabriel Boric y el secretario<br>general de las Naciones Unidas, Ant\u00f3nio Guterres, viajan este<br>jueves desde Punta Arenas hacia la Ant\u00e1rtica en una<br>expedici\u00f3n destinada a exponer los efectos de la crisis<br>clim\u00e1tica. Boric, en su cuenta de X, otrora Twitter, destac\u00f3<br>que \u00abChile es la puerta de entrada a la Ant\u00e1rtica y junto a<br>la comunidad internacional tenemos el deber de combatir la<br>crisis clim\u00e1tica que afecta a nuestro planeta\u00bb.<\/p>\n\n\n\n<p>PUNTA ARENAS.- El recorrido por el continente blanco, que se<br>extender\u00e1 hasta el s\u00e1bado 25, contempla encuentros con<br>cient\u00edficos y con las Fuerzas Armadas, seg\u00fan dijo el<br>presidente. Adem\u00e1s, incluye visitas a tres de las diez bases<br>que Chile tiene en el lugar, as\u00ed como al glaciar Collins, la<br>isla Kopaitic y la Rada Covadonga.<\/p>\n\n\n\n<p>PUNTA ARENAS.- Seg\u00fan indic\u00f3 la Presidencia en un comunicado,<br>el viaje busca \u00abrelevar\u00bb el liderazgo de Chile en materias de<br>investigaci\u00f3n cient\u00edfica, protecci\u00f3n de los oc\u00e9anos y lucha<br>contra la crisis clim\u00e1tica. Esto, de cara a la Conferencia de<br>Naciones Unidas sobre Cambio Clim\u00e1tico COP28, que se<br>celebrar\u00e1 en Dub\u00e1i del 30 de noviembre al 12 de diciembre y a<br>la que el presidente chileno no asistir\u00e1.<\/p>\n\n\n\n<p>SANTIAGO.- Al menos tres balaceras se registraron la<br>madrugada de este jueves en la capital, dejando una v\u00edctima<br>fatal en la comuna de Lampa y otras cuatro personas heridas<br>en Quilicura y El Bosque. En el caso Lampa, \u00e9sta se report\u00f3<br>en la intersecci\u00f3n de las calles Conc\u00f3n y Maitencillo, donde<br>desde un veh\u00edculo en movimiento se efectuaron varios disparos<br>hacia tres personas que se encontraban en la v\u00eda p\u00fablica.<\/p>\n\n\n\n<p>SANTIAGO.- El fiscal Javier Mayer del Equipo de Crimen<br>Organizado y Homicidios, ECOH, de la Fiscal\u00eda detall\u00f3 que \u00abse<br>trat\u00f3 de una balacera en el que se ocasion\u00f3 el fallecimiento<br>de una persona y otros dos resultaron lesionados, las que<br>fueron trasladados a un centro asistencial, y no estar\u00edan con<br>riesgo vital\u00bb. Adem\u00e1s, indic\u00f3 que la indagatoria inicial la<br>asumi\u00f3 la Brigada de Homicidios Metropolitana de la PDI.<\/p>\n\n\n\n<p>SANTIAGO.- En el segundo caso, en Quilicura, en las cercan\u00edas<br>del Easton Outlet Mall, un hombre que esperaba la locomoci\u00f3n<br>colectiva en un paradero fue baleado por sujetos que se<br>movilizaban en dos motocicletas. La v\u00edctima recibi\u00f3 dos<br>disparos en el t\u00f3rax y en el rostro, siendo trasladado al<br>Hospital San Jos\u00e9 donde se mantiene en riesgo vital.<\/p>\n\n\n\n<p>SANTIAGO.- Por \u00faltimo, en la comuna El Bosque, en la<br>intersecci\u00f3n de Nueva Oriente con Aviadores, un joven de 22<br>a\u00f1os que se trasladaba en su veh\u00edculo marca BMW fue baleado<br>desde un autom\u00f3vil en movimiento. El grupo de delincuentes<br>que lo segu\u00eda, le dispar\u00f3 en tres ocasiones, por lo que el<br>conductor perdi\u00f3 el control chocando con un \u00e1rbol. La v\u00edctima<br>fue trasladada al Hospital Padre Hurtado, donde qued\u00f3<br>internado.<\/p>\n","protected":false},"excerpt":{"rendered":"<p>El expresidente Eduardo Frei Ruiz-Tagle anunci\u00f3que su sufragio ser\u00e1 A Favor en el plebiscito del 17 dediciembre, afirmando que su decisi\u00f3n no es \u00abun voto por laextrema derecha\u00bb. A trav\u00e9s&#8230; <a class=\"read-more\" href=\"https:\/\/www.radiopresidenteibanez.cl\/web\/informativo-matinal-orbe-11\/\">Leer m\u00e1s<\/a><\/p>\n","protected":false},"author":2,"featured_media":44327,"comment_status":"closed","ping_status":"closed","sticky":false,"template":"","format":"standard","meta":{"footnotes":""},"categories":[1],"tags":[],"class_list":["post-44326","post","type-post","status-publish","format-standard","has-post-thumbnail","hentry","category-cronica"],"_links":{"self":[{"href":"https:\/\/www.radiopresidenteibanez.cl\/web\/wp-json\/wp\/v2\/posts\/44326","targetHints":{"allow":["GET"]}}],"collection":[{"href":"https:\/\/www.radiopresidenteibanez.cl\/web\/wp-json\/wp\/v2\/posts"}],"about":[{"href":"https:\/\/www.radiopresidenteibanez.cl\/web\/wp-json\/wp\/v2\/types\/post"}],"author":[{"embeddable":true,"href":"https:\/\/www.radiopresidenteibanez.cl\/web\/wp-json\/wp\/v2\/users\/2"}],"replies":[{"embeddable":true,"href":"https:\/\/www.radiopresidenteibanez.cl\/web\/wp-json\/wp\/v2\/comments?post=44326"}],"version-history":[{"count":0,"href":"https:\/\/www.radiopresidenteibanez.cl\/web\/wp-json\/wp\/v2\/posts\/44326\/revisions"}],"wp:featuredmedia":[{"embeddable":true,"href":"https:\/\/www.radiopresidenteibanez.cl\/web\/wp-json\/wp\/v2\/media\/44327"}],"wp:attachment":[{"href":"https:\/\/www.radiopresidenteibanez.cl\/web\/wp-json\/wp\/v2\/media?parent=44326"}],"wp:term":[{"taxonomy":"category","embeddable":true,"href":"https:\/\/www.radiopresidenteibanez.cl\/web\/wp-json\/wp\/v2\/categories?post=44326"},{"taxonomy":"post_tag","embeddable":true,"href":"https:\/\/www.radiopresidenteibanez.cl\/web\/wp-json\/wp\/v2\/tags?post=44326"}],"curies":[{"name":"wp","href":"https:\/\/api.w.org\/{rel}","templated":true}]}}