{"id":44316,"date":"2023-11-23T08:18:51","date_gmt":"2023-11-23T11:18:51","guid":{"rendered":"https:\/\/www.radiopresidenteibanez.cl\/web\/?p=44316"},"modified":"2023-11-23T08:19:23","modified_gmt":"2023-11-23T11:19:23","slug":"seremi-de-salud-magallanes-amplia-cierre-de-sector-de-puerto-eden-por-presencia-demarea-roja","status":"publish","type":"post","link":"https:\/\/www.radiopresidenteibanez.cl\/web\/seremi-de-salud-magallanes-amplia-cierre-de-sector-de-puerto-eden-por-presencia-demarea-roja\/","title":{"rendered":"SEREMI DE SALUD MAGALLANES AMPL\u00cdA CIERRE DE SECTOR DE PUERTO ED\u00c9N POR PRESENCIA DEMAREA ROJA"},"content":{"rendered":"\n<p>Desde la \u00faltima semana de octubre, se ha evidenciado un alza de niveles de la toxina de marea roja en<br>el \u00e1rea cercana a la localidad de Puerto Ed\u00e9n, lo que ha implicado el cierre para la extracci\u00f3n de<br>mariscos en algunos puntos de este sector. De acuerdo con los \u00faltimos monitoreos reportados y<br>an\u00e1lisis de muestras, la presencia del Veneno Paralizante de los Mariscos (VPM) se encuentra con<br>\u00edndices sobre la norma permitida para el consumo humano y abarcando m\u00e1s sectores, ante lo cual la<br>Autoridad Sanitaria ha determinado ampliar el cierre del \u00e1rea.<br>De esta forma, a trav\u00e9s de la resoluci\u00f3n N\u00b03.840 con fecha 22 de noviembre, la Secretar\u00eda Regional<br>Ministerial de Salud determin\u00f3 la prohibici\u00f3n para la extracci\u00f3n, transporte, procesamiento, tenencia,<br>comercializaci\u00f3n, distribuci\u00f3n, venta y consumo de todo producto del mar susceptible a presentar<br>toxinas marinas, en el norte de la Provincia de \u00daltima Esperanza, incluyendo sector de Puerto Ed\u00e9n.<br>La medida considera el cierre del sector que considera desde Canal Adalberto (Limite Norte Regional)<br>hasta el sur de Paso del Indio el que se encuentra al sur de Puerto Ed\u00e9n. Entre de los Moluscos que<br>susceptibles de estar contaminados con VPM se encuentran: Cholga, chorito, almeja, piure, lapa,<br>maucho, navajuela, picoroco, entre otros.<br>La encargada del Programa de Marea Roja de la Seremi de Salud, Paulina Solar, explic\u00f3 que \u201cesta<br>medida viene a ampliar los cierres sucesivos que se hab\u00eda realizado desde hace algunas semanas atr\u00e1s.<br>Estos cierres son producto de un alza del veneno paralizante en la zona, que llega a niveles por sobre<br>lo normativo, por lo tanto, hay que realizar los cierres para proteger la salud de la poblaci\u00f3n. Este<br>\u00faltimo cierre re\u00fane todos los cierres anteriores realizados y abarca la totalidad de la localidad de<br>Puerto Ed\u00e9n, por lo tanto, la extracci\u00f3n queda prohibida en este sector. Considera el l\u00edmite norte de la<br>Provincia de \u00daltima Esperanza hasta el sur del Paso del Indio, en la misma provincia\u201d.<br>La profesional agreg\u00f3 que \u201csiempre hay que recordar consumir mariscos que se encuentran<br>analizados, exigir el informe de an\u00e1lisis y comprar en locales que se encuentren autorizados, que es la<br>\u00fanica forma de prevenir intoxicaciones en la poblaci\u00f3n. Cabe recalcar que la marea roja es un<br>fen\u00f3meno din\u00e1mico, en que los niveles pueden subir o disminuir, dependiendo de la estaci\u00f3n del a\u00f1o y<br>factores clim\u00e1ticos. Por lo tanto, los monitoreos de las \u00e1reas contin\u00faan para ver cu\u00e1ndo se puede<br>realizar la reapertura, verificando que los sectores hayan recobrado su condici\u00f3n sanitaria para poder<br>realizar la extracci\u00f3n y consumo seguro de estos productos\u201d.<br>Durante la \u00e9poca estival generalmente los niveles de floraciones de algas nocivas suelen aumentar,<br>afectando a diferentes puntos del territorio mar\u00edtimo regional, por lo cual es importante mantener<br>siempre una actitud preventiva adquiriendo productos en lugares autorizados sanitariamente,<br>exigiendo el an\u00e1lisis de Marea Roja que realiza a la Autoridad Sanitaria, constatando que la fecha del<br>mismo no sea superior a cinco d\u00edas. A su vez, extraer mariscos s\u00f3lo de \u00e1rea abiertas y siempre analizar<br>el producto. Desde el a\u00f1o 1972 a la fecha se han producido 341 intoxicados por marea roja, de los<br>cuales 23 han fallecido, de ah\u00ed la importancia de la prevenci\u00f3n y el respeto de la normativa.<\/p>\n","protected":false},"excerpt":{"rendered":"<p>Desde la \u00faltima semana de octubre, se ha evidenciado un alza de niveles de la toxina de marea roja enel \u00e1rea cercana a la localidad de Puerto Ed\u00e9n, lo que&#8230; <a class=\"read-more\" href=\"https:\/\/www.radiopresidenteibanez.cl\/web\/seremi-de-salud-magallanes-amplia-cierre-de-sector-de-puerto-eden-por-presencia-demarea-roja\/\">Leer m\u00e1s<\/a><\/p>\n","protected":false},"author":2,"featured_media":44317,"comment_status":"closed","ping_status":"closed","sticky":false,"template":"","format":"standard","meta":{"footnotes":""},"categories":[1],"tags":[],"class_list":["post-44316","post","type-post","status-publish","format-standard","has-post-thumbnail","hentry","category-cronica"],"_links":{"self":[{"href":"https:\/\/www.radiopresidenteibanez.cl\/web\/wp-json\/wp\/v2\/posts\/44316","targetHints":{"allow":["GET"]}}],"collection":[{"href":"https:\/\/www.radiopresidenteibanez.cl\/web\/wp-json\/wp\/v2\/posts"}],"about":[{"href":"https:\/\/www.radiopresidenteibanez.cl\/web\/wp-json\/wp\/v2\/types\/post"}],"author":[{"embeddable":true,"href":"https:\/\/www.radiopresidenteibanez.cl\/web\/wp-json\/wp\/v2\/users\/2"}],"replies":[{"embeddable":true,"href":"https:\/\/www.radiopresidenteibanez.cl\/web\/wp-json\/wp\/v2\/comments?post=44316"}],"version-history":[{"count":0,"href":"https:\/\/www.radiopresidenteibanez.cl\/web\/wp-json\/wp\/v2\/posts\/44316\/revisions"}],"wp:featuredmedia":[{"embeddable":true,"href":"https:\/\/www.radiopresidenteibanez.cl\/web\/wp-json\/wp\/v2\/media\/44317"}],"wp:attachment":[{"href":"https:\/\/www.radiopresidenteibanez.cl\/web\/wp-json\/wp\/v2\/media?parent=44316"}],"wp:term":[{"taxonomy":"category","embeddable":true,"href":"https:\/\/www.radiopresidenteibanez.cl\/web\/wp-json\/wp\/v2\/categories?post=44316"},{"taxonomy":"post_tag","embeddable":true,"href":"https:\/\/www.radiopresidenteibanez.cl\/web\/wp-json\/wp\/v2\/tags?post=44316"}],"curies":[{"name":"wp","href":"https:\/\/api.w.org\/{rel}","templated":true}]}}