{"id":44312,"date":"2023-11-22T15:53:21","date_gmt":"2023-11-22T18:53:21","guid":{"rendered":"https:\/\/www.radiopresidenteibanez.cl\/web\/?p=44312"},"modified":"2023-11-22T15:54:36","modified_gmt":"2023-11-22T18:54:36","slug":"mas-de-30-mil-personas-evacuaron-en-simulacro-de-sismo-y-tsunami-en-punta-arenas","status":"publish","type":"post","link":"https:\/\/www.radiopresidenteibanez.cl\/web\/mas-de-30-mil-personas-evacuaron-en-simulacro-de-sismo-y-tsunami-en-punta-arenas\/","title":{"rendered":"MAS DE 30 MIL PERSONAS EVACUARON EN SIMULACRO DE SISMO Y TSUNAMI EN PUNTA ARENAS"},"content":{"rendered":"\n<p>En dependencias de la Delegaci\u00f3n Regional Presidencial de Magallanes, esta jornada el Delegado Regional, Jos\u00e9 Ruiz; junto al Gobernador Regional, Jorge Flies; y el Director de SENAPRED en la regi\u00f3n, Juan Carlos Andrades; dieron inicio al simulacro de sismo y tsunami, que moviliz\u00f3 a todos quienes habitan, trabajan, estudian y transitan por el borde costero de Punta Arenas.<\/p>\n\n\n\n<p>La ejecuci\u00f3n de este ejercicio busca fomentar la cultura preventiva y de autocuidado entre los habitantes y turistas, permitiendo, adem\u00e1s, que las autoridades eval\u00faen los tiempos de respuesta, las v\u00edas de evacuaci\u00f3n y la puesta en marcha de los planes de emergencia, frente a un eventual evento s\u00edsmico con posterior tsunami en el borde costero de la capital regional.<\/p>\n\n\n\n<p>El Delegado Presidencial Regional, Jos\u00e9 Ruiz, subray\u00f3 la importancia de la prevenci\u00f3n al afirmar que \u00abla premisa fundamental es clara: la prevenci\u00f3n salva vidas. En este sentido, los ejercicios que llevamos a cabo tienen como objetivo principal fomentar una cultura de reacci\u00f3n r\u00e1pida y oportuna. Adem\u00e1s, se busca potenciar la coordinaci\u00f3n entre las diversas instituciones involucradas, poniendo a prueba de manera efectiva los protocolos de emergencia que la ciudadan\u00eda debe seguir\u00bb.<\/p>\n\n\n\n<p>Asimismo, destac\u00f3 que estos ejercicios no solo son una evaluaci\u00f3n necesaria de la eficacia de los procedimientos de seguridad, sino tambi\u00e9n una oportunidad invaluable para fortalecer la colaboraci\u00f3n interinstitucional. \u00abAl generar una mayor conciencia sobre la importancia de actuar de manera coordinada y eficiente, estamos construyendo cimientos s\u00f3lidos para afrontar cualquier eventualidad con la m\u00e1xima preparaci\u00f3n\u00bb, precis\u00f3 Ruiz.<\/p>\n\n\n\n<p>En la misma l\u00ednea, el Director Regional de SENAPRED Magallanes, Juan Carlos Andrades, se\u00f1al\u00f3 que \u201cde acuerdo a los datos preliminares hoy hemos evacuado a cerca de 30 mil habitantes, teniendo una destacable participaci\u00f3n de la comunidad educativa y nuestros vecinos, quienes se plegaron a la iniciativa que en esta ocasi\u00f3n se centr\u00f3 en el borde costero de la comuna de Punta Arenas\u201d.<\/p>\n\n\n\n<p>\u201cComo se pudo comprobar en terreno, en esta oportunidad tambi\u00e9n quisimos poner a prueba el Sistema de Alerta de Emergencia para celulares, SAE, que se sum\u00f3 al alertamiento que habitualmente hacen los equipos de emergencia, funcionado correctamente y avisando a nuestros habitantes la ocurrencia de este ejercicio. Lo anterior, nos deja una sensaci\u00f3n muy grata, dado que hemos corroborado que tenemos una gran herramienta disponible para situaciones de emergencia\u201d.<\/p>\n\n\n\n<p>El programa Chile Preparado de SENAPRED, a la fecha, ha movilizado a m\u00e1s de 12 millones de personas a nivel nacional. Toda la informaci\u00f3n relativa a este programa se encuentra en el sitio web&nbsp;<a href=\"http:\/\/www.senapred.cl\/\" target=\"_blank\" rel=\"noreferrer noopener\">www.senapred.cl<\/a>, donde adem\u00e1s est\u00e1n disponibles las recomendaciones para enfrentar eventos s\u00edsmicos y riesgos de tsunami, erupciones volc\u00e1nicas, eventos meteorol\u00f3gicos, entre otras amenazas.<\/p>\n","protected":false},"excerpt":{"rendered":"<p>En dependencias de la Delegaci\u00f3n Regional Presidencial de Magallanes, esta jornada el Delegado Regional, Jos\u00e9 Ruiz; junto al Gobernador Regional, Jorge Flies; y el Director de SENAPRED en la regi\u00f3n,&#8230; <a class=\"read-more\" href=\"https:\/\/www.radiopresidenteibanez.cl\/web\/mas-de-30-mil-personas-evacuaron-en-simulacro-de-sismo-y-tsunami-en-punta-arenas\/\">Leer m\u00e1s<\/a><\/p>\n","protected":false},"author":2,"featured_media":44313,"comment_status":"closed","ping_status":"closed","sticky":false,"template":"","format":"standard","meta":{"footnotes":""},"categories":[1],"tags":[],"class_list":["post-44312","post","type-post","status-publish","format-standard","has-post-thumbnail","hentry","category-cronica"],"_links":{"self":[{"href":"https:\/\/www.radiopresidenteibanez.cl\/web\/wp-json\/wp\/v2\/posts\/44312","targetHints":{"allow":["GET"]}}],"collection":[{"href":"https:\/\/www.radiopresidenteibanez.cl\/web\/wp-json\/wp\/v2\/posts"}],"about":[{"href":"https:\/\/www.radiopresidenteibanez.cl\/web\/wp-json\/wp\/v2\/types\/post"}],"author":[{"embeddable":true,"href":"https:\/\/www.radiopresidenteibanez.cl\/web\/wp-json\/wp\/v2\/users\/2"}],"replies":[{"embeddable":true,"href":"https:\/\/www.radiopresidenteibanez.cl\/web\/wp-json\/wp\/v2\/comments?post=44312"}],"version-history":[{"count":0,"href":"https:\/\/www.radiopresidenteibanez.cl\/web\/wp-json\/wp\/v2\/posts\/44312\/revisions"}],"wp:featuredmedia":[{"embeddable":true,"href":"https:\/\/www.radiopresidenteibanez.cl\/web\/wp-json\/wp\/v2\/media\/44313"}],"wp:attachment":[{"href":"https:\/\/www.radiopresidenteibanez.cl\/web\/wp-json\/wp\/v2\/media?parent=44312"}],"wp:term":[{"taxonomy":"category","embeddable":true,"href":"https:\/\/www.radiopresidenteibanez.cl\/web\/wp-json\/wp\/v2\/categories?post=44312"},{"taxonomy":"post_tag","embeddable":true,"href":"https:\/\/www.radiopresidenteibanez.cl\/web\/wp-json\/wp\/v2\/tags?post=44312"}],"curies":[{"name":"wp","href":"https:\/\/api.w.org\/{rel}","templated":true}]}}