{"id":44309,"date":"2023-11-22T18:47:00","date_gmt":"2023-11-22T21:47:00","guid":{"rendered":"https:\/\/www.radiopresidenteibanez.cl\/web\/?p=44309"},"modified":"2023-11-22T15:32:35","modified_gmt":"2023-11-22T18:32:35","slug":"feria-lenka-guisande-un-espacio-que-reunira-las-variadas-propuestas-de-la-artesania-regional","status":"publish","type":"post","link":"https:\/\/www.radiopresidenteibanez.cl\/web\/feria-lenka-guisande-un-espacio-que-reunira-las-variadas-propuestas-de-la-artesania-regional\/","title":{"rendered":"FERIA LENKA GUISANDE UN ESPACIO QUE REUNIRA LAS VARIADAS PROPUESTAS DE LA ARTESANIA REGIONAL"},"content":{"rendered":"\n<p>M\u00e1s de veinte exponentes de la disciplina exhibir\u00e1n sus obras en la primera Feria de Artesan\u00eda Tradicional, Contempor\u00e1nea y de Patrimonio Ind\u00edgena de Magallanes \u00abFAM Lenka Guisande 2023\u00bb.<\/p>\n\n\n\n<p>Este evento, impulsado por la Mesa Regional de Artesan\u00eda m\u00e1s el apoyo de la Seremi de las Culturas, las Artes y el Patrimonio, se desarrollar\u00e1 los d\u00edas viernes 24, s\u00e1bado 25 y domingo 26 de noviembre, entre las 11.00 y 20.00 horas, en dependencias del restaurant El Arriero, ubicado en calle Manantiales N\u00b0 759, Punta Arenas. El acceso a la comunidad es abierto y gratuito.<\/p>\n\n\n\n<p>\u201cNo se trata s\u00f3lo de un espacio de exhibici\u00f3n, sino que adem\u00e1s es una oportunidad para comercializar notables trabajos, que cargan con la impronta magall\u00e1nica, moldeada por manos maestras. Sabemos que iniciativas como estas resignifican el trabajo de las y los artesanos, adem\u00e1s de representar un reconocimiento p\u00fablico a los oficios de la artesan\u00eda. Por ello nuestro decidido apoyo a esta propuesta que surge desde la Mesa de la disciplina\u201d, dijo el Seremi de las Culturas, Diego Garc\u00eda.<\/p>\n\n\n\n<p>\u00abFAM 2023\u00bb, producto de una iniciativa de las y&nbsp; los integrantes de la Mesa de Artesan\u00eda, rinde homenaje p\u00f3stumo a la artista Lenka Guisande, fallecida el 13 de octubre pasado.<\/p>\n\n\n\n<p>La Feria Lenka Guisande, que se efect\u00faa en el marco del D\u00eda de las y los artesanos (que se conmemor\u00f3 el 7 de noviembre), reunir\u00e1 una variedad de trabajos elaborados por Eliana Ibacache (textil), Raika Bradasic (orfebrer\u00eda), Ver\u00f3nica Sep\u00falveda (reciclaje), Constanza Cortes (orfebrer\u00eda y cer\u00e1mica), Alejandra Tapia (orfebre), Gehomara Gumas (orfebre),&nbsp; Iris Fern\u00e1ndez (orfebre), Julio Contreras (curtiembre), M\u00f3nica Viladoms (textil), Celina Llanllan (cester\u00eda kaw\u00e9sqar), Ximena Jim\u00e9nez (orfebre y vidrio), Luisa Bustamante (orfebre), Lidia D\u00edaz (textil), Marcela Alca\u00edno (orfebre), Gabriel Matta (cer\u00e1mica y alfarer\u00eda), Mar\u00eda Ofelia Catal\u00e1n (orfebre), Isabel Acu\u00f1a (curtiembre), Miguel Villegas (modelado en pasta), Georgina Villarroel (textil), Rosa Adones (textil), Dana Canales (orfebre), Karina Fica (reciclaje) y Silvana Bonicciolli (cer\u00e1mica).<\/p>\n\n\n\n<p>\u00abFAM 2023\u00bb incluir\u00e1 adem\u00e1s el componente formativo. Se efectuar\u00e1n, en el mismo recinto, micro-talleres de curtiembre y lana para ni\u00f1as y ni\u00f1os; y de cer\u00e1mica para todo p\u00fablico. Ser\u00e1n abiertos a la comunidad y de acceso gratuito. Las y los interesados podr\u00e1n acceder sin inscripci\u00f3n previa.<\/p>\n","protected":false},"excerpt":{"rendered":"<p>M\u00e1s de veinte exponentes de la disciplina exhibir\u00e1n sus obras en la primera Feria de Artesan\u00eda Tradicional, Contempor\u00e1nea y de Patrimonio Ind\u00edgena de Magallanes \u00abFAM Lenka Guisande 2023\u00bb. Este evento,&#8230; <a class=\"read-more\" href=\"https:\/\/www.radiopresidenteibanez.cl\/web\/feria-lenka-guisande-un-espacio-que-reunira-las-variadas-propuestas-de-la-artesania-regional\/\">Leer m\u00e1s<\/a><\/p>\n","protected":false},"author":2,"featured_media":44310,"comment_status":"closed","ping_status":"closed","sticky":false,"template":"","format":"standard","meta":{"footnotes":""},"categories":[1],"tags":[],"class_list":["post-44309","post","type-post","status-publish","format-standard","has-post-thumbnail","hentry","category-cronica"],"_links":{"self":[{"href":"https:\/\/www.radiopresidenteibanez.cl\/web\/wp-json\/wp\/v2\/posts\/44309","targetHints":{"allow":["GET"]}}],"collection":[{"href":"https:\/\/www.radiopresidenteibanez.cl\/web\/wp-json\/wp\/v2\/posts"}],"about":[{"href":"https:\/\/www.radiopresidenteibanez.cl\/web\/wp-json\/wp\/v2\/types\/post"}],"author":[{"embeddable":true,"href":"https:\/\/www.radiopresidenteibanez.cl\/web\/wp-json\/wp\/v2\/users\/2"}],"replies":[{"embeddable":true,"href":"https:\/\/www.radiopresidenteibanez.cl\/web\/wp-json\/wp\/v2\/comments?post=44309"}],"version-history":[{"count":0,"href":"https:\/\/www.radiopresidenteibanez.cl\/web\/wp-json\/wp\/v2\/posts\/44309\/revisions"}],"wp:featuredmedia":[{"embeddable":true,"href":"https:\/\/www.radiopresidenteibanez.cl\/web\/wp-json\/wp\/v2\/media\/44310"}],"wp:attachment":[{"href":"https:\/\/www.radiopresidenteibanez.cl\/web\/wp-json\/wp\/v2\/media?parent=44309"}],"wp:term":[{"taxonomy":"category","embeddable":true,"href":"https:\/\/www.radiopresidenteibanez.cl\/web\/wp-json\/wp\/v2\/categories?post=44309"},{"taxonomy":"post_tag","embeddable":true,"href":"https:\/\/www.radiopresidenteibanez.cl\/web\/wp-json\/wp\/v2\/tags?post=44309"}],"curies":[{"name":"wp","href":"https:\/\/api.w.org\/{rel}","templated":true}]}}