{"id":44300,"date":"2023-11-22T14:56:00","date_gmt":"2023-11-22T17:56:00","guid":{"rendered":"https:\/\/www.radiopresidenteibanez.cl\/web\/?p=44300"},"modified":"2023-11-22T11:48:17","modified_gmt":"2023-11-22T14:48:17","slug":"delegado-presidencial-destaco-inedita-inversion-del-gobierno-para-preservar-seguridad-publica-en-magallanes","status":"publish","type":"post","link":"https:\/\/www.radiopresidenteibanez.cl\/web\/delegado-presidencial-destaco-inedita-inversion-del-gobierno-para-preservar-seguridad-publica-en-magallanes\/","title":{"rendered":"DELEGADO PRESIDENCIAL DESTACO INEDITA INVERSION DEL GOBIERNO PARA PRESERVAR SEGURIDAD PUBLICA EN MAGALLANES"},"content":{"rendered":"\n<p>En un hito sin precedentes, el delegado presidencial regional de Magallanes, Jos\u00e9 Ruiz Pivcevic, resalt\u00f3 la inversi\u00f3n hist\u00f3rica destinada a la seguridad p\u00fablica en la regi\u00f3n, con un enfoque clave en infraestructura y prevenci\u00f3n. Para el mes de diciembre se proyecta un gasto de 842 millones 720 mil pesos, dirigida a apoyar a Carabineros y Gendarmer\u00eda en la lucha contra el crimen organizado.<\/p>\n\n\n\n<p>Este ambicioso plan incluye la adquisici\u00f3n de ocho veh\u00edculos SUV 4&#215;4, 33 c\u00e1maras filmadoras, 14 m\u00e1quinas de rayos X y 15 arcos detectores de metales, beneficiando a las comunas de Punta Arenas, Puerto Natales, Timaukel y Cabo de Hornos.<\/p>\n\n\n\n<p>Adem\u00e1s, ya est\u00e1n en proceso de dise\u00f1o las mejoras de retenes y comisar\u00edas por un monto de 25 mil millones de pesos, y se espera implementar un programa espec\u00edfico de prevenci\u00f3n para la temporada estival y el compromiso adicional de aumentar en un 5,7% el presupuesto nacional en seguridad p\u00fablica para el a\u00f1o 2024.<\/p>\n\n\n\n<p>\u201cLa seguridad p\u00fablica es un pilar fundamental para el bienestar y desarrollo de Magallanes. La coordinaci\u00f3n efectiva entre autoridades, instituciones y la ciudadan\u00eda en su conjunto es esencial para preservar la seguridad en nuestra regi\u00f3n. Aunque los recursos econ\u00f3micos desempe\u00f1an un papel crucial en este proceso, la verdadera fortaleza radica en la convicci\u00f3n compartida de que nuestra regi\u00f3n ha disfrutado hist\u00f3ricamente de \u00edndices saludables, y es imperativo mantener este legado\u201d, expres\u00f3 la autoridad.<\/p>\n\n\n\n<p>En este sentido argument\u00f3 que \u201cla seguridad es un bien colectivo que requiere el compromiso y la solidaridad de todos\u201d, precis\u00f3 Ruiz.<\/p>\n\n\n\n<p>La colaboraci\u00f3n entre diversos organismos, programas y mejoras administrativas subraya la entrega coordinada de recursos. Por ejemplo, la Subsecretar\u00eda de Prevenci\u00f3n del Delito elimin\u00f3 la concursabilidad de los municipios, asegurando la transferencia directa de recursos a la comuna de Punta Arenas, que este a\u00f1o recibi\u00f3 53 millones 300 mil pesos para invertir en prevenci\u00f3n.<\/p>\n\n\n\n<p>Adem\u00e1s, se destaca la disminuci\u00f3n de delitos en la regi\u00f3n, seg\u00fan datos proporcionados por Carabineros en la \u00faltima sesi\u00f3n del Sistema T\u00e1ctico Operativo Policial (STOP).<\/p>\n\n\n\n<p>Por otro lado, la Subsecretar\u00eda de Prevenci\u00f3n del Delito ha liderado medidas para impulsar la equidad territorial, eliminando la concursabilidad de los municipios y asegurando financiamiento para la seguridad en todos los territorios. En 2022, se transfirieron recursos directos a siete municipios de la regi\u00f3n para la adquisici\u00f3n de veh\u00edculos de patrullaje preventivo.<\/p>\n\n\n\n<p>En tanto, la coordinadora regional de Seguridad P\u00fablica, Carla Barrientos destac\u00f3 el t\u00e9rmino de la concursabilidad para la entrega de recursos a los municipios para invertir en prevenci\u00f3n. \u201cEn Magallanes hay municipalidades que nunca hab\u00edan recibido recursos para seguridad, y desde el a\u00f1o pasado eso cambi\u00f3 y para el a\u00f1o 2024 todos los municipios recibir\u00e1n apoyo econ\u00f3mico para invertir en seguridad. Hoy vemos a Porvenir y Natales con veh\u00edculo para patrullaje preventivo, que se pudo adquirir con el traspaso financiero de la Subsecretar\u00eda de Prevenci\u00f3n del Delito\u201d, indic\u00f3.<\/p>\n\n\n\n<p><strong>\u00c9nfasis en prevenci\u00f3n<\/strong><\/p>\n\n\n\n<p>El programa Somos Barrio, ejecutado en la Poblaci\u00f3n Archipi\u00e9lago de Chilo\u00e9, ha recibido 142 millones de pesos (2022-2023), permitiendo a la comunidad decidir en qu\u00e9 invertir para mejorar su seguridad, abordando necesidades como nuevas luminarias, recuperaci\u00f3n de espacios p\u00fablicos y la instalaci\u00f3n de un punto fijo de seguridad municipal.<\/p>\n\n\n\n<p>Comparando el a\u00f1o a la fecha, en Magallanes ha disminuido el Robo con violencia en -19,4%, Robo con Intimidaci\u00f3n -42,3%, VIF -15,6%, seg\u00fan los datos proporcionados por Carabineros en la \u00faltima sesi\u00f3n del Sistema T\u00e1ctico Operativo Policial (STOP).<\/p>\n\n\n\n<p>\u201cEl intercambio de informaci\u00f3n, la planificaci\u00f3n estrat\u00e9gica y la ejecuci\u00f3n conjunta de iniciativas son clave para anticipar y abordar los desaf\u00edos que puedan surgir. La seguridad p\u00fablica no se trata solo de reaccionar ante situaciones de crisis, sino de trabajar de manera proactiva para evitar que estas situaciones se presenten en primer lugar\u201d, asegur\u00f3 el delegado presidencial.<\/p>\n","protected":false},"excerpt":{"rendered":"<p>En un hito sin precedentes, el delegado presidencial regional de Magallanes, Jos\u00e9 Ruiz Pivcevic, resalt\u00f3 la inversi\u00f3n hist\u00f3rica destinada a la seguridad p\u00fablica en la regi\u00f3n, con un enfoque clave&#8230; <a class=\"read-more\" href=\"https:\/\/www.radiopresidenteibanez.cl\/web\/delegado-presidencial-destaco-inedita-inversion-del-gobierno-para-preservar-seguridad-publica-en-magallanes\/\">Leer m\u00e1s<\/a><\/p>\n","protected":false},"author":2,"featured_media":44301,"comment_status":"closed","ping_status":"closed","sticky":false,"template":"","format":"standard","meta":{"footnotes":""},"categories":[1],"tags":[],"class_list":["post-44300","post","type-post","status-publish","format-standard","has-post-thumbnail","hentry","category-cronica"],"_links":{"self":[{"href":"https:\/\/www.radiopresidenteibanez.cl\/web\/wp-json\/wp\/v2\/posts\/44300","targetHints":{"allow":["GET"]}}],"collection":[{"href":"https:\/\/www.radiopresidenteibanez.cl\/web\/wp-json\/wp\/v2\/posts"}],"about":[{"href":"https:\/\/www.radiopresidenteibanez.cl\/web\/wp-json\/wp\/v2\/types\/post"}],"author":[{"embeddable":true,"href":"https:\/\/www.radiopresidenteibanez.cl\/web\/wp-json\/wp\/v2\/users\/2"}],"replies":[{"embeddable":true,"href":"https:\/\/www.radiopresidenteibanez.cl\/web\/wp-json\/wp\/v2\/comments?post=44300"}],"version-history":[{"count":0,"href":"https:\/\/www.radiopresidenteibanez.cl\/web\/wp-json\/wp\/v2\/posts\/44300\/revisions"}],"wp:featuredmedia":[{"embeddable":true,"href":"https:\/\/www.radiopresidenteibanez.cl\/web\/wp-json\/wp\/v2\/media\/44301"}],"wp:attachment":[{"href":"https:\/\/www.radiopresidenteibanez.cl\/web\/wp-json\/wp\/v2\/media?parent=44300"}],"wp:term":[{"taxonomy":"category","embeddable":true,"href":"https:\/\/www.radiopresidenteibanez.cl\/web\/wp-json\/wp\/v2\/categories?post=44300"},{"taxonomy":"post_tag","embeddable":true,"href":"https:\/\/www.radiopresidenteibanez.cl\/web\/wp-json\/wp\/v2\/tags?post=44300"}],"curies":[{"name":"wp","href":"https:\/\/api.w.org\/{rel}","templated":true}]}}